{"id":16728,"date":"2025-10-14T09:30:12","date_gmt":"2025-10-14T13:30:12","guid":{"rendered":"https:\/\/colegiodelapurisima.cl\/colegio-pc\/?p=16728"},"modified":"2025-10-14T09:30:21","modified_gmt":"2025-10-14T13:30:21","slug":"circular-n007-2025-procedimiento-de-acreditacion-socioeconomica-y-renovacion-de-matricula","status":"publish","type":"post","link":"https:\/\/colegiodelapurisima.cl\/colegio-pc\/circular-n007-2025-procedimiento-de-acreditacion-socioeconomica-y-renovacion-de-matricula\/","title":{"rendered":"Circular N\u00b0007\/2025 \u2013 Procedimiento de Acreditaci\u00f3n Socioecon\u00f3mica y Renovaci\u00f3n de Matr\u00edcula"},"content":{"rendered":"<div class=\"fusion-fullwidth fullwidth-box fusion-builder-row-1 fusion-flex-container nonhundred-percent-fullwidth non-hundred-percent-height-scrolling\" style=\"background-color: rgba(255,255,255,0);background-position: center center;background-repeat: no-repeat;border-width: 0px 0px 0px 0px;border-color:#eae9e9;border-style:solid;\" ><div class=\"fusion-builder-row fusion-row fusion-flex-align-items-flex-start\" style=\"max-width:1144px;margin-left: calc(-4% \/ 2 );margin-right: calc(-4% \/ 2 );\"><div class=\"fusion-layout-column fusion_builder_column fusion-builder-column-0 fusion_builder_column_1_1 1_1 fusion-flex-column\"><div class=\"fusion-column-wrapper fusion-flex-justify-content-flex-start fusion-content-layout-column\" style=\"background-position:left top;background-repeat:no-repeat;-webkit-background-size:cover;-moz-background-size:cover;-o-background-size:cover;background-size:cover;padding: 0px 0px 0px 0px;\"><div class=\"fusion-text fusion-text-1\"><p>Estimados(as) Apoderados(as):<\/p>\n<p>Junto con saludarles cordialmente, y en cumplimiento de la Resoluci\u00f3n Exenta N\u00b0580, de 22 de septiembre de 2025, de la Superintendencia de Educaci\u00f3n, la Fundaci\u00f3n Educacional Colegio de la Pur\u00edsima Concepci\u00f3n informa la publicaci\u00f3n de la Circular N\u00b0007\/2025, que establece el Procedimiento de Acreditaci\u00f3n Socioecon\u00f3mica y Renovaci\u00f3n de Matr\u00edcula por Situaciones de No Pago.<\/p>\n<p>Este procedimiento se dicta conforme a la Ley N\u00b020.845 de Inclusi\u00f3n Escolar, el DFL N\u00b02\/1998 del Ministerio de Educaci\u00f3n y el art\u00edculo 6\u00b0, letra d) de la Ley de Subvenciones, los cuales garantizan que ning\u00fan estudiante podr\u00e1 ver afectada su matr\u00edcula por motivos econ\u00f3micos cuando existan razones socioecon\u00f3micas sobrevinientes debidamente acreditadas.<\/p>\n<p>Les invitamos a leer detenidamente la circular adjunta, ya que contiene informaci\u00f3n importante sobre plazos, etapas y requisitos del proceso de matr\u00edcula 2026.<\/p>\n<p>Agradecemos su compromiso y colaboraci\u00f3n con nuestra comunidad educativa.<\/p>\n<p>Atentamente,<\/p>\n<p>Fundaci\u00f3n Educacional Colegio de la Pur\u00edsima Concepci\u00f3n<\/p>\n<\/div><center><iframe style=\"border: none;\" src=\"https:\/\/docs.google.com\/viewer?url=http:\/\/colegiodelapurisima.cl\/colegio-pc\/wp-content\/uploads\/2025\/10\/CIRCULAR-N.-007.pdf&embedded=true\" width=\"100%\" height=\"600px\"><span data-mce-type=\"bookmark\" style=\"display: inline-block; width: 0px; overflow: hidden; line-height: 0;\" class=\"mce_SELRES_start\">\ufeff<\/span>\n<\/iframe><\/center><\/div><style type=\"text\/css\">.fusion-body .fusion-builder-column-0{width:100% !important;margin-top : 0px;margin-bottom : 0px;}.fusion-builder-column-0 > .fusion-column-wrapper {padding-top : 0px !important;padding-right : 0px !important;margin-right : 1.92%;padding-bottom : 0px !important;padding-left : 0px !important;margin-left : 1.92%;}@media only screen and (max-width:1024px) {.fusion-body .fusion-builder-column-0{width:100% !important;}.fusion-builder-column-0 > .fusion-column-wrapper {margin-right : 1.92%;margin-left : 1.92%;}}@media only screen and (max-width:640px) {.fusion-body .fusion-builder-column-0{width:100% !important;}.fusion-builder-column-0 > .fusion-column-wrapper {margin-right : 1.92%;margin-left : 1.92%;}}<\/style><\/div><\/div><style type=\"text\/css\">.fusion-body .fusion-flex-container.fusion-builder-row-1{ padding-top : 0px;margin-top : 0px;padding-right : 0px;padding-bottom : 0px;margin-bottom : 0px;padding-left : 0px;}<\/style><\/div>\n","protected":false},"excerpt":{"rendered":"","protected":false},"author":8,"featured_media":16730,"comment_status":"closed","ping_status":"closed","sticky":false,"template":"","format":"standard","meta":{"footnotes":""},"categories":[63],"tags":[],"class_list":["post-16728","post","type-post","status-publish","format-standard","has-post-thumbnail","hentry","category-comunicados-oficiales"],"_links":{"self":[{"href":"https:\/\/colegiodelapurisima.cl\/colegio-pc\/wp-json\/wp\/v2\/posts\/16728","targetHints":{"allow":["GET"]}}],"collection":[{"href":"https:\/\/colegiodelapurisima.cl\/colegio-pc\/wp-json\/wp\/v2\/posts"}],"about":[{"href":"https:\/\/colegiodelapurisima.cl\/colegio-pc\/wp-json\/wp\/v2\/types\/post"}],"author":[{"embeddable":true,"href":"https:\/\/colegiodelapurisima.cl\/colegio-pc\/wp-json\/wp\/v2\/users\/8"}],"replies":[{"embeddable":true,"href":"https:\/\/colegiodelapurisima.cl\/colegio-pc\/wp-json\/wp\/v2\/comments?post=16728"}],"version-history":[{"count":1,"href":"https:\/\/colegiodelapurisima.cl\/colegio-pc\/wp-json\/wp\/v2\/posts\/16728\/revisions"}],"predecessor-version":[{"id":16731,"href":"https:\/\/colegiodelapurisima.cl\/colegio-pc\/wp-json\/wp\/v2\/posts\/16728\/revisions\/16731"}],"wp:featuredmedia":[{"embeddable":true,"href":"https:\/\/colegiodelapurisima.cl\/colegio-pc\/wp-json\/wp\/v2\/media\/16730"}],"wp:attachment":[{"href":"https:\/\/colegiodelapurisima.cl\/colegio-pc\/wp-json\/wp\/v2\/media?parent=16728"}],"wp:term":[{"taxonomy":"category","embeddable":true,"href":"https:\/\/colegiodelapurisima.cl\/colegio-pc\/wp-json\/wp\/v2\/categories?post=16728"},{"taxonomy":"post_tag","embeddable":true,"href":"https:\/\/colegiodelapurisima.cl\/colegio-pc\/wp-json\/wp\/v2\/tags?post=16728"}],"curies":[{"name":"wp","href":"https:\/\/api.w.org\/{rel}","templated":true}]}}