{"id":14532,"date":"2023-06-09T09:39:19","date_gmt":"2023-06-09T13:39:19","guid":{"rendered":"https:\/\/colegiodelapurisima.cl\/colegio-pc\/?p=14532"},"modified":"2023-06-09T09:40:01","modified_gmt":"2023-06-09T13:40:01","slug":"semtea","status":"publish","type":"post","link":"https:\/\/colegiodelapurisima.cl\/colegio-pc\/semtea\/","title":{"rendered":"Seminario Trastorno del Espectro Autista"},"content":{"rendered":"<p>Los invitamos a participar de este espacio de di\u00e1logo en donde se compartir\u00e1n conocimientos, miradas actuales y estrategias, en relaci\u00f3n al Espectro Autista, para facilitar procesos de ense\u00f1anza, aprendizaje y participaci\u00f3n, considerando la educaci\u00f3n como un derecho.<\/p>\n<p>Este seminario est\u00e1 dirigido a familias, equipos directivos y educadores que quieran profundizar sobre este importante tema.<\/p>\n<p>Queda abierta la invitaci\u00f3n para todos los padres y apoderados de la comunidad educativa del Colegio de la Pur\u00edsima Concepci\u00f3n.<\/p>\n\n","protected":false},"excerpt":{"rendered":"<p>Los invitamos a participar de este espacio de di\u00e1logo en donde se compartir\u00e1n conocimientos, miradas actuales y estrategias, en relaci\u00f3n al Espectro Autista, para facilitar [&hellip;]<\/p>\n","protected":false},"author":8,"featured_media":14533,"comment_status":"closed","ping_status":"closed","sticky":false,"template":"","format":"standard","meta":{"footnotes":""},"categories":[59],"tags":[],"class_list":["post-14532","post","type-post","status-publish","format-standard","has-post-thumbnail","hentry","category-p-i-e"],"_links":{"self":[{"href":"https:\/\/colegiodelapurisima.cl\/colegio-pc\/wp-json\/wp\/v2\/posts\/14532","targetHints":{"allow":["GET"]}}],"collection":[{"href":"https:\/\/colegiodelapurisima.cl\/colegio-pc\/wp-json\/wp\/v2\/posts"}],"about":[{"href":"https:\/\/colegiodelapurisima.cl\/colegio-pc\/wp-json\/wp\/v2\/types\/post"}],"author":[{"embeddable":true,"href":"https:\/\/colegiodelapurisima.cl\/colegio-pc\/wp-json\/wp\/v2\/users\/8"}],"replies":[{"embeddable":true,"href":"https:\/\/colegiodelapurisima.cl\/colegio-pc\/wp-json\/wp\/v2\/comments?post=14532"}],"version-history":[{"count":1,"href":"https:\/\/colegiodelapurisima.cl\/colegio-pc\/wp-json\/wp\/v2\/posts\/14532\/revisions"}],"predecessor-version":[{"id":14534,"href":"https:\/\/colegiodelapurisima.cl\/colegio-pc\/wp-json\/wp\/v2\/posts\/14532\/revisions\/14534"}],"wp:featuredmedia":[{"embeddable":true,"href":"https:\/\/colegiodelapurisima.cl\/colegio-pc\/wp-json\/wp\/v2\/media\/14533"}],"wp:attachment":[{"href":"https:\/\/colegiodelapurisima.cl\/colegio-pc\/wp-json\/wp\/v2\/media?parent=14532"}],"wp:term":[{"taxonomy":"category","embeddable":true,"href":"https:\/\/colegiodelapurisima.cl\/colegio-pc\/wp-json\/wp\/v2\/categories?post=14532"},{"taxonomy":"post_tag","embeddable":true,"href":"https:\/\/colegiodelapurisima.cl\/colegio-pc\/wp-json\/wp\/v2\/tags?post=14532"}],"curies":[{"name":"wp","href":"https:\/\/api.w.org\/{rel}","templated":true}]}}