{"id":14403,"date":"2023-04-25T13:34:31","date_gmt":"2023-04-25T17:34:31","guid":{"rendered":"https:\/\/colegiodelapurisima.cl\/colegio-pc\/?p=14403"},"modified":"2023-04-25T13:34:31","modified_gmt":"2023-04-25T17:34:31","slug":"celebracion-del-dia-del-libro","status":"publish","type":"post","link":"https:\/\/colegiodelapurisima.cl\/colegio-pc\/celebracion-del-dia-del-libro\/","title":{"rendered":"CELEBRACI\u00d3N DEL D\u00cdA DEL LIBRO"},"content":{"rendered":"<p><center>Desde 1996, y cada 23 de abril, la UNESCO instaur\u00f3 las celebraciones por el D\u00eda<br \/>\nMundial del Libro y del Derecho de Autor. Ese d\u00eda se conmemora la muerte de tres<br \/>\ngrandes escritores de la literatura universal: Miguel de Cervantes y Saavedra,<br \/>\nWilliam Shakespeare y el Inca Garcilaso de la Vega. En todo el mundo, las<br \/>\ncelebraciones buscan estimular el gusto por la lectura, fomentar la industria<br \/>\neditorial y proteger la propiedad intelectual a trav\u00e9s del derecho de autor. Por esta<br \/>\nraz\u00f3n, el pasado viernes nos unimos a esta celebraci\u00f3n, d\u00f3nde nuestra<br \/>\nestudiantes y funcionarios fueron protagonistas.<br \/>\nEn vista de lo anterior, nos permitimos adem\u00e1s en felicitar a las ganadoras del<br \/>\nconcurso de \u201cBooktubers\u201d las estudiantes Isabel Valenzuela Lagunas del 3\u00b0<br \/>\nb\u00e1sico B quien obtuvo el segundo lugar en el concurso y a Victoria Galdonas<br \/>\nAgreda del 3\u00b0 b\u00e1sico A qui\u00e9n resulto como ganadora de esta actividad.<br \/>\n\u00a1Felicitaciones!<\/center><center><\/center><center><iframe style=\"border: none; overflow: hidden;\" src=\"https:\/\/www.facebook.com\/plugins\/post.php?href=https%3A%2F%2Fweb.facebook.com%2Fcpcchillan%2Fposts%2Fpfbid025qhZnr4HJHyaJR1J1tfXDvVQZ61eVhijbn5EhHWKq8MKrSo3E4b6CvAKWq6Lq1Lkl&amp;show_text=true&amp;width=500\" width=\"500\" height=\"250\" frameborder=\"0\" scrolling=\"no\" allowfullscreen=\"allowfullscreen\"><\/iframe><\/center><\/p>\n","protected":false},"excerpt":{"rendered":"<p>Desde 1996, y cada 23 de abril, la UNESCO instaur\u00f3 las celebraciones por el D\u00eda Mundial del Libro y del Derecho de Autor. Ese d\u00eda [&hellip;]<\/p>\n","protected":false},"author":8,"featured_media":0,"comment_status":"closed","ping_status":"closed","sticky":false,"template":"","format":"standard","meta":{"footnotes":""},"categories":[6,7,8,64],"tags":[],"class_list":["post-14403","post","type-post","status-publish","format-standard","hentry","category-ciclobasico","category-cicloinicial","category-ciclomayor","category-comunicados"],"_links":{"self":[{"href":"https:\/\/colegiodelapurisima.cl\/colegio-pc\/wp-json\/wp\/v2\/posts\/14403","targetHints":{"allow":["GET"]}}],"collection":[{"href":"https:\/\/colegiodelapurisima.cl\/colegio-pc\/wp-json\/wp\/v2\/posts"}],"about":[{"href":"https:\/\/colegiodelapurisima.cl\/colegio-pc\/wp-json\/wp\/v2\/types\/post"}],"author":[{"embeddable":true,"href":"https:\/\/colegiodelapurisima.cl\/colegio-pc\/wp-json\/wp\/v2\/users\/8"}],"replies":[{"embeddable":true,"href":"https:\/\/colegiodelapurisima.cl\/colegio-pc\/wp-json\/wp\/v2\/comments?post=14403"}],"version-history":[{"count":1,"href":"https:\/\/colegiodelapurisima.cl\/colegio-pc\/wp-json\/wp\/v2\/posts\/14403\/revisions"}],"predecessor-version":[{"id":14404,"href":"https:\/\/colegiodelapurisima.cl\/colegio-pc\/wp-json\/wp\/v2\/posts\/14403\/revisions\/14404"}],"wp:attachment":[{"href":"https:\/\/colegiodelapurisima.cl\/colegio-pc\/wp-json\/wp\/v2\/media?parent=14403"}],"wp:term":[{"taxonomy":"category","embeddable":true,"href":"https:\/\/colegiodelapurisima.cl\/colegio-pc\/wp-json\/wp\/v2\/categories?post=14403"},{"taxonomy":"post_tag","embeddable":true,"href":"https:\/\/colegiodelapurisima.cl\/colegio-pc\/wp-json\/wp\/v2\/tags?post=14403"}],"curies":[{"name":"wp","href":"https:\/\/api.w.org\/{rel}","templated":true}]}}