{"id":14193,"date":"2023-03-09T15:31:36","date_gmt":"2023-03-09T15:31:36","guid":{"rendered":"https:\/\/colegiodelapurisima.cl\/colegio-pc\/?p=14193"},"modified":"2023-03-09T15:31:36","modified_gmt":"2023-03-09T15:31:36","slug":"conmemoracion-dia-internacional-de-la-mujer","status":"publish","type":"post","link":"https:\/\/colegiodelapurisima.cl\/colegio-pc\/conmemoracion-dia-internacional-de-la-mujer\/","title":{"rendered":"CONMEMORACI\u00d3N D\u00cdA INTERNACIONAL DE LA MUJER"},"content":{"rendered":"<p>Llenos de satisfacci\u00f3n, compartimos con toda la comunidad educativa, que el d\u00eda 08 de marzo de 2023 se realiz\u00f3 acto de conmemoraci\u00f3n del d\u00eda internacional de la mujer. En la ocasi\u00f3n, se realiz\u00f3 una liturgia y una reflexi\u00f3n sobre la evoluci\u00f3n que ha tenido el rol de la mujer en nuestra sociedad. Finalmente, se realiz\u00f3 un conversatorio con Mujeres egresadas de nuestro Colegio, instancia que fue compartida con los niveles desde 5\u00b0 B\u00e1sico a IV\u00b0 A\u00f1o Medio.-<\/p>\n<p>Esta actividad est\u00e1 enmarcada en el Plan de Formaci\u00f3n Ciudadana<\/p>\n<p><a href=\"https:\/\/colegiodelapurisima.cl\/colegio-pc\/conmemoracion-dia-internacional-de-la-mujer\/imagen-1-2\/\" rel=\"attachment wp-att-14194\"><img decoding=\"async\" class=\"aligncenter size-full wp-image-14194\" src=\"http:\/\/colegiodelapurisima.cl\/colegio-pc\/wp-content\/uploads\/2023\/03\/Imagen-1-1.jpg\" alt=\"\" width=\"660\" height=\"495\" srcset=\"https:\/\/colegiodelapurisima.cl\/colegio-pc\/wp-content\/uploads\/2023\/03\/Imagen-1-1-200x150.jpg 200w, https:\/\/colegiodelapurisima.cl\/colegio-pc\/wp-content\/uploads\/2023\/03\/Imagen-1-1-300x225.jpg 300w, https:\/\/colegiodelapurisima.cl\/colegio-pc\/wp-content\/uploads\/2023\/03\/Imagen-1-1-400x300.jpg 400w, https:\/\/colegiodelapurisima.cl\/colegio-pc\/wp-content\/uploads\/2023\/03\/Imagen-1-1-600x450.jpg 600w, https:\/\/colegiodelapurisima.cl\/colegio-pc\/wp-content\/uploads\/2023\/03\/Imagen-1-1.jpg 660w\" sizes=\"(max-width: 660px) 100vw, 660px\" \/><\/a> <a href=\"https:\/\/colegiodelapurisima.cl\/colegio-pc\/conmemoracion-dia-internacional-de-la-mujer\/imagen-01\/\" rel=\"attachment wp-att-14195\"><img decoding=\"async\" class=\"aligncenter size-fusion1200 wp-image-14195\" src=\"http:\/\/colegiodelapurisima.cl\/colegio-pc\/wp-content\/uploads\/2023\/03\/Imagen-01.jpg\" alt=\"\" width=\"218\" height=\"163\" srcset=\"https:\/\/colegiodelapurisima.cl\/colegio-pc\/wp-content\/uploads\/2023\/03\/Imagen-01-200x150.jpg 200w, https:\/\/colegiodelapurisima.cl\/colegio-pc\/wp-content\/uploads\/2023\/03\/Imagen-01.jpg 218w\" sizes=\"(max-width: 218px) 100vw, 218px\" \/><\/a><\/p>\n","protected":false},"excerpt":{"rendered":"<p>Llenos de satisfacci\u00f3n, compartimos con toda la comunidad educativa, que el d\u00eda 08 de marzo de 2023 se realiz\u00f3 acto de conmemoraci\u00f3n del d\u00eda internacional [&hellip;]<\/p>\n","protected":false},"author":8,"featured_media":0,"comment_status":"closed","ping_status":"closed","sticky":false,"template":"","format":"standard","meta":{"footnotes":""},"categories":[1],"tags":[],"class_list":["post-14193","post","type-post","status-publish","format-standard","hentry","category-sin-categoria"],"_links":{"self":[{"href":"https:\/\/colegiodelapurisima.cl\/colegio-pc\/wp-json\/wp\/v2\/posts\/14193","targetHints":{"allow":["GET"]}}],"collection":[{"href":"https:\/\/colegiodelapurisima.cl\/colegio-pc\/wp-json\/wp\/v2\/posts"}],"about":[{"href":"https:\/\/colegiodelapurisima.cl\/colegio-pc\/wp-json\/wp\/v2\/types\/post"}],"author":[{"embeddable":true,"href":"https:\/\/colegiodelapurisima.cl\/colegio-pc\/wp-json\/wp\/v2\/users\/8"}],"replies":[{"embeddable":true,"href":"https:\/\/colegiodelapurisima.cl\/colegio-pc\/wp-json\/wp\/v2\/comments?post=14193"}],"version-history":[{"count":2,"href":"https:\/\/colegiodelapurisima.cl\/colegio-pc\/wp-json\/wp\/v2\/posts\/14193\/revisions"}],"predecessor-version":[{"id":14197,"href":"https:\/\/colegiodelapurisima.cl\/colegio-pc\/wp-json\/wp\/v2\/posts\/14193\/revisions\/14197"}],"wp:attachment":[{"href":"https:\/\/colegiodelapurisima.cl\/colegio-pc\/wp-json\/wp\/v2\/media?parent=14193"}],"wp:term":[{"taxonomy":"category","embeddable":true,"href":"https:\/\/colegiodelapurisima.cl\/colegio-pc\/wp-json\/wp\/v2\/categories?post=14193"},{"taxonomy":"post_tag","embeddable":true,"href":"https:\/\/colegiodelapurisima.cl\/colegio-pc\/wp-json\/wp\/v2\/tags?post=14193"}],"curies":[{"name":"wp","href":"https:\/\/api.w.org\/{rel}","templated":true}]}}