{"id":14173,"date":"2023-03-07T15:56:54","date_gmt":"2023-03-07T15:56:54","guid":{"rendered":"https:\/\/colegiodelapurisima.cl\/colegio-pc\/?p=14173"},"modified":"2023-03-07T15:56:54","modified_gmt":"2023-03-07T15:56:54","slug":"socializacion-de-la-dimension-de-convivencia-escolar","status":"publish","type":"post","link":"https:\/\/colegiodelapurisima.cl\/colegio-pc\/socializacion-de-la-dimension-de-convivencia-escolar\/","title":{"rendered":"Socializaci\u00f3n de la dimensi\u00f3n de Convivencia Escolar"},"content":{"rendered":"<p>En el contexto del inicio del a\u00f1o escolar 2023, se ha realizado jornada de reflexi\u00f3n de la dimensi\u00f3n de Convivencia Escolar en lo referido a la pol\u00edtica nacional de convivencia, reglamento interno de convivencia escolar (RICE), plan de acci\u00f3n 2023, etc.-<\/p>\n<p>Esta jornada que fue organizada por el Equipo de Convivencia Escolar, se constituy\u00f3 en una excelente instancia de reflexi\u00f3n acerca de la importancia de generar espacios seguros para nuestros y nuestras Estudiantes y funcionarios de la Unidad Educativa. &#8211;<\/p>\n\n<p><a href=\"https:\/\/colegiodelapurisima.cl\/colegio-pc\/socializacion-de-la-dimension-de-convivencia-escolar\/imagen-1\/\" rel=\"attachment wp-att-14174\"><img decoding=\"async\" class=\"aligncenter size-full wp-image-14174\" src=\"http:\/\/colegiodelapurisima.cl\/colegio-pc\/wp-content\/uploads\/2023\/03\/Imagen-1.jpg\" alt=\"\" width=\"442\" height=\"331\" srcset=\"https:\/\/colegiodelapurisima.cl\/colegio-pc\/wp-content\/uploads\/2023\/03\/Imagen-1-200x150.jpg 200w, https:\/\/colegiodelapurisima.cl\/colegio-pc\/wp-content\/uploads\/2023\/03\/Imagen-1-300x225.jpg 300w, https:\/\/colegiodelapurisima.cl\/colegio-pc\/wp-content\/uploads\/2023\/03\/Imagen-1-400x300.jpg 400w, https:\/\/colegiodelapurisima.cl\/colegio-pc\/wp-content\/uploads\/2023\/03\/Imagen-1.jpg 442w\" sizes=\"(max-width: 442px) 100vw, 442px\" \/><\/a><\/p>\n<p><a href=\"https:\/\/colegiodelapurisima.cl\/colegio-pc\/socializacion-de-la-dimension-de-convivencia-escolar\/imagen-2\/\" rel=\"attachment wp-att-14175\"><img decoding=\"async\" class=\"aligncenter size-full wp-image-14175\" src=\"http:\/\/colegiodelapurisima.cl\/colegio-pc\/wp-content\/uploads\/2023\/03\/Imagen-2.jpg\" alt=\"\" width=\"442\" height=\"331\" srcset=\"https:\/\/colegiodelapurisima.cl\/colegio-pc\/wp-content\/uploads\/2023\/03\/Imagen-2-200x150.jpg 200w, https:\/\/colegiodelapurisima.cl\/colegio-pc\/wp-content\/uploads\/2023\/03\/Imagen-2-300x225.jpg 300w, https:\/\/colegiodelapurisima.cl\/colegio-pc\/wp-content\/uploads\/2023\/03\/Imagen-2-400x300.jpg 400w, https:\/\/colegiodelapurisima.cl\/colegio-pc\/wp-content\/uploads\/2023\/03\/Imagen-2.jpg 442w\" sizes=\"(max-width: 442px) 100vw, 442px\" \/><\/a><\/p>\n","protected":false},"excerpt":{"rendered":"<p>En el contexto del inicio del a\u00f1o escolar 2023, se ha realizado jornada de reflexi\u00f3n de la dimensi\u00f3n de Convivencia Escolar en lo referido a [&hellip;]<\/p>\n","protected":false},"author":8,"featured_media":11356,"comment_status":"closed","ping_status":"closed","sticky":false,"template":"","format":"standard","meta":{"footnotes":""},"categories":[64,65],"tags":[],"class_list":["post-14173","post","type-post","status-publish","format-standard","has-post-thumbnail","hentry","category-comunicados","category-informativos"],"_links":{"self":[{"href":"https:\/\/colegiodelapurisima.cl\/colegio-pc\/wp-json\/wp\/v2\/posts\/14173","targetHints":{"allow":["GET"]}}],"collection":[{"href":"https:\/\/colegiodelapurisima.cl\/colegio-pc\/wp-json\/wp\/v2\/posts"}],"about":[{"href":"https:\/\/colegiodelapurisima.cl\/colegio-pc\/wp-json\/wp\/v2\/types\/post"}],"author":[{"embeddable":true,"href":"https:\/\/colegiodelapurisima.cl\/colegio-pc\/wp-json\/wp\/v2\/users\/8"}],"replies":[{"embeddable":true,"href":"https:\/\/colegiodelapurisima.cl\/colegio-pc\/wp-json\/wp\/v2\/comments?post=14173"}],"version-history":[{"count":2,"href":"https:\/\/colegiodelapurisima.cl\/colegio-pc\/wp-json\/wp\/v2\/posts\/14173\/revisions"}],"predecessor-version":[{"id":14177,"href":"https:\/\/colegiodelapurisima.cl\/colegio-pc\/wp-json\/wp\/v2\/posts\/14173\/revisions\/14177"}],"wp:featuredmedia":[{"embeddable":true,"href":"https:\/\/colegiodelapurisima.cl\/colegio-pc\/wp-json\/wp\/v2\/media\/11356"}],"wp:attachment":[{"href":"https:\/\/colegiodelapurisima.cl\/colegio-pc\/wp-json\/wp\/v2\/media?parent=14173"}],"wp:term":[{"taxonomy":"category","embeddable":true,"href":"https:\/\/colegiodelapurisima.cl\/colegio-pc\/wp-json\/wp\/v2\/categories?post=14173"},{"taxonomy":"post_tag","embeddable":true,"href":"https:\/\/colegiodelapurisima.cl\/colegio-pc\/wp-json\/wp\/v2\/tags?post=14173"}],"curies":[{"name":"wp","href":"https:\/\/api.w.org\/{rel}","templated":true}]}}