{"id":13997,"date":"2022-12-02T11:35:50","date_gmt":"2022-12-02T11:35:50","guid":{"rendered":"https:\/\/colegiodelapurisima.cl\/colegio-pc\/?p=13997"},"modified":"2022-12-02T11:35:50","modified_gmt":"2022-12-02T11:35:50","slug":"misa-de-accion-de-gracias-8vos","status":"publish","type":"post","link":"https:\/\/colegiodelapurisima.cl\/colegio-pc\/misa-de-accion-de-gracias-8vos\/","title":{"rendered":"Misa de Acci\u00f3n de Gracias 8vos"},"content":{"rendered":"<div>El jueves 01 de diciembre, estudiantes del 8\u00b0 A y 8\u00b0 B, junto a sus profesoras jefes, Srtas. Valentina Zapata y Nathalia Fuentelaba, participaron en su Misa de Acci\u00f3n de gracias al finalizar una nueva etapa y agradecer a Dios por el a\u00f1o transcurrido.<\/div>\n<div>La Eucarist\u00eda estuvo presidida por nuestro Capell\u00e1n P. Samuel Cereceda y acompa\u00f1adas por sus familiares\u00a0y amigos, tuvieron la oportunidad de pedir y agradecer a Dios en torno a la Palabra y el canto.<\/div>\n<div><\/div>\n<div><b><i>Departamento de Pastoral<\/i><\/b><\/div>\n<div><\/div>\n<div><\/div>\n<p style=\"text-align: center;\"><iframe style=\"border: none; overflow: hidden;\" src=\"https:\/\/www.facebook.com\/plugins\/post.php?href=https%3A%2F%2Fweb.facebook.com%2Fcpcchillan%2Fposts%2Fpfbid037ffJMQcPbMGSYuoowsa71ihJtZTkEBwKLFaSSV8vJQzBtibFYj8xwWSq2zPmo5i4l&amp;show_text=true&amp;width=500\" width=\"500\" height=\"562\" frameborder=\"0\" scrolling=\"no\" allowfullscreen=\"allowfullscreen\"><\/iframe><\/p>\n","protected":false},"excerpt":{"rendered":"<p>El jueves 01 de diciembre, estudiantes del 8\u00b0 A y 8\u00b0 B, junto a sus profesoras jefes, Srtas. Valentina Zapata y Nathalia Fuentelaba, participaron en [&hellip;]<\/p>\n","protected":false},"author":8,"featured_media":0,"comment_status":"closed","ping_status":"closed","sticky":false,"template":"","format":"standard","meta":{"footnotes":""},"categories":[13],"tags":[],"class_list":["post-13997","post","type-post","status-publish","format-standard","hentry","category-pastoral"],"_links":{"self":[{"href":"https:\/\/colegiodelapurisima.cl\/colegio-pc\/wp-json\/wp\/v2\/posts\/13997","targetHints":{"allow":["GET"]}}],"collection":[{"href":"https:\/\/colegiodelapurisima.cl\/colegio-pc\/wp-json\/wp\/v2\/posts"}],"about":[{"href":"https:\/\/colegiodelapurisima.cl\/colegio-pc\/wp-json\/wp\/v2\/types\/post"}],"author":[{"embeddable":true,"href":"https:\/\/colegiodelapurisima.cl\/colegio-pc\/wp-json\/wp\/v2\/users\/8"}],"replies":[{"embeddable":true,"href":"https:\/\/colegiodelapurisima.cl\/colegio-pc\/wp-json\/wp\/v2\/comments?post=13997"}],"version-history":[{"count":1,"href":"https:\/\/colegiodelapurisima.cl\/colegio-pc\/wp-json\/wp\/v2\/posts\/13997\/revisions"}],"predecessor-version":[{"id":13998,"href":"https:\/\/colegiodelapurisima.cl\/colegio-pc\/wp-json\/wp\/v2\/posts\/13997\/revisions\/13998"}],"wp:attachment":[{"href":"https:\/\/colegiodelapurisima.cl\/colegio-pc\/wp-json\/wp\/v2\/media?parent=13997"}],"wp:term":[{"taxonomy":"category","embeddable":true,"href":"https:\/\/colegiodelapurisima.cl\/colegio-pc\/wp-json\/wp\/v2\/categories?post=13997"},{"taxonomy":"post_tag","embeddable":true,"href":"https:\/\/colegiodelapurisima.cl\/colegio-pc\/wp-json\/wp\/v2\/tags?post=13997"}],"curies":[{"name":"wp","href":"https:\/\/api.w.org\/{rel}","templated":true}]}}