{"id":13937,"date":"2022-11-15T13:14:28","date_gmt":"2022-11-15T13:14:28","guid":{"rendered":"https:\/\/colegiodelapurisima.cl\/colegio-pc\/?p=13937"},"modified":"2022-11-15T13:14:28","modified_gmt":"2022-11-15T13:14:28","slug":"programa-radial-mesa-educativa-de-la-vicaria-de-educacion-del-obispado-de-chillan","status":"publish","type":"post","link":"https:\/\/colegiodelapurisima.cl\/colegio-pc\/programa-radial-mesa-educativa-de-la-vicaria-de-educacion-del-obispado-de-chillan\/","title":{"rendered":"programa radial Mesa Educativa de la Vicar\u00eda de Educaci\u00f3n del Obispado de Chill\u00e1n"},"content":{"rendered":"<p>Participaci\u00f3n de Massiel Mu\u00f1oz del IV Medio A de nuestro Colegio en programa radial Mesa Educativa de la Vicar\u00eda de Educaci\u00f3n del Obispado de Chill\u00e1n.<\/p>\n<p style=\"text-align: center;\"><iframe style=\"border: none; overflow: hidden;\" src=\"https:\/\/www.facebook.com\/plugins\/post.php?href=https%3A%2F%2Fwww.facebook.com%2Fvicariaparalaeducacionchillan%2Fposts%2Fpfbid0LcoPDPmHUNQPdu1iSvoujsMP8yQjKmuw5QZUgZ6cZSfYDVfDXx42NCg76hxW1L1xl&amp;show_text=true&amp;width=500\" width=\"500\" height=\"535\" frameborder=\"0\" scrolling=\"no\" allowfullscreen=\"allowfullscreen\"><\/iframe><\/p>\n\n<p style=\"text-align: center;\"><iframe title=\"YouTube video player\" src=\"https:\/\/www.youtube.com\/embed\/GwFmbQZSx1w\" width=\"560\" height=\"315\" frameborder=\"0\" allowfullscreen=\"allowfullscreen\"><\/iframe><\/p>\n","protected":false},"excerpt":{"rendered":"<p>Participaci\u00f3n de Massiel Mu\u00f1oz del IV Medio A de nuestro Colegio en programa radial Mesa Educativa de la Vicar\u00eda de Educaci\u00f3n del Obispado de Chill\u00e1n.<\/p>\n","protected":false},"author":8,"featured_media":13485,"comment_status":"closed","ping_status":"closed","sticky":false,"template":"","format":"standard","meta":{"footnotes":""},"categories":[13],"tags":[],"class_list":["post-13937","post","type-post","status-publish","format-standard","has-post-thumbnail","hentry","category-pastoral"],"_links":{"self":[{"href":"https:\/\/colegiodelapurisima.cl\/colegio-pc\/wp-json\/wp\/v2\/posts\/13937","targetHints":{"allow":["GET"]}}],"collection":[{"href":"https:\/\/colegiodelapurisima.cl\/colegio-pc\/wp-json\/wp\/v2\/posts"}],"about":[{"href":"https:\/\/colegiodelapurisima.cl\/colegio-pc\/wp-json\/wp\/v2\/types\/post"}],"author":[{"embeddable":true,"href":"https:\/\/colegiodelapurisima.cl\/colegio-pc\/wp-json\/wp\/v2\/users\/8"}],"replies":[{"embeddable":true,"href":"https:\/\/colegiodelapurisima.cl\/colegio-pc\/wp-json\/wp\/v2\/comments?post=13937"}],"version-history":[{"count":1,"href":"https:\/\/colegiodelapurisima.cl\/colegio-pc\/wp-json\/wp\/v2\/posts\/13937\/revisions"}],"predecessor-version":[{"id":13938,"href":"https:\/\/colegiodelapurisima.cl\/colegio-pc\/wp-json\/wp\/v2\/posts\/13937\/revisions\/13938"}],"wp:featuredmedia":[{"embeddable":true,"href":"https:\/\/colegiodelapurisima.cl\/colegio-pc\/wp-json\/wp\/v2\/media\/13485"}],"wp:attachment":[{"href":"https:\/\/colegiodelapurisima.cl\/colegio-pc\/wp-json\/wp\/v2\/media?parent=13937"}],"wp:term":[{"taxonomy":"category","embeddable":true,"href":"https:\/\/colegiodelapurisima.cl\/colegio-pc\/wp-json\/wp\/v2\/categories?post=13937"},{"taxonomy":"post_tag","embeddable":true,"href":"https:\/\/colegiodelapurisima.cl\/colegio-pc\/wp-json\/wp\/v2\/tags?post=13937"}],"curies":[{"name":"wp","href":"https:\/\/api.w.org\/{rel}","templated":true}]}}