{"id":13812,"date":"2022-11-02T11:40:08","date_gmt":"2022-11-02T11:40:08","guid":{"rendered":"http:\/\/colegiodelapurisima.cl\/colegio-pc\/?p=13812"},"modified":"2022-11-02T11:42:13","modified_gmt":"2022-11-02T11:42:13","slug":"reunion-delegadas-de-pastoral-apoderados","status":"publish","type":"post","link":"https:\/\/colegiodelapurisima.cl\/colegio-pc\/reunion-delegadas-de-pastoral-apoderados\/","title":{"rendered":"Reuni\u00f3n Delegadas de Pastoral Apoderados"},"content":{"rendered":"<div>\n<div>El d\u00eda\u00a0<b>jueves 27 de octubre<\/b>, se realiz\u00f3 un encuentro con Delegados de Pastoral de Apoderados, con el fin de reunirnos para compartir un momento de reflexi\u00f3n en torno al inicio del Mes de Mar\u00eda y organizar actividades para fortalecer la solidaridad en nuestra comunidad educativa.<\/div>\n<div><\/div>\n<div><b><i>Departamento de Pastoral<\/i><\/b><\/div>\n<\/div>\n<div><\/div>\n<div><\/div>\n<div><\/div>\n<div><\/div>\n<div><\/div>\n<div><\/div>\n<div><img decoding=\"async\" class=\"alignnone size-medium wp-image-13817\" src=\"http:\/\/colegiodelapurisima.cl\/colegio-pc\/wp-content\/uploads\/2022\/11\/1666972593880-1-225x300.jpg\" alt=\"\" width=\"225\" height=\"300\" srcset=\"https:\/\/colegiodelapurisima.cl\/colegio-pc\/wp-content\/uploads\/2022\/11\/1666972593880-1-200x267.jpg 200w, https:\/\/colegiodelapurisima.cl\/colegio-pc\/wp-content\/uploads\/2022\/11\/1666972593880-1-225x300.jpg 225w, https:\/\/colegiodelapurisima.cl\/colegio-pc\/wp-content\/uploads\/2022\/11\/1666972593880-1-400x533.jpg 400w, https:\/\/colegiodelapurisima.cl\/colegio-pc\/wp-content\/uploads\/2022\/11\/1666972593880-1-600x800.jpg 600w, https:\/\/colegiodelapurisima.cl\/colegio-pc\/wp-content\/uploads\/2022\/11\/1666972593880-1-768x1024.jpg 768w, https:\/\/colegiodelapurisima.cl\/colegio-pc\/wp-content\/uploads\/2022\/11\/1666972593880-1-800x1067.jpg 800w, https:\/\/colegiodelapurisima.cl\/colegio-pc\/wp-content\/uploads\/2022\/11\/1666972593880-1-1152x1536.jpg 1152w, https:\/\/colegiodelapurisima.cl\/colegio-pc\/wp-content\/uploads\/2022\/11\/1666972593880-1-1200x1600.jpg 1200w, https:\/\/colegiodelapurisima.cl\/colegio-pc\/wp-content\/uploads\/2022\/11\/1666972593880-1-1536x2048.jpg 1536w, https:\/\/colegiodelapurisima.cl\/colegio-pc\/wp-content\/uploads\/2022\/11\/1666972593880-1-scaled.jpg 1920w\" sizes=\"(max-width: 225px) 100vw, 225px\" \/> <img decoding=\"async\" class=\"alignnone size-medium wp-image-13818\" src=\"http:\/\/colegiodelapurisima.cl\/colegio-pc\/wp-content\/uploads\/2022\/11\/1666972342095-1-225x300.jpg\" alt=\"\" width=\"225\" height=\"300\" srcset=\"https:\/\/colegiodelapurisima.cl\/colegio-pc\/wp-content\/uploads\/2022\/11\/1666972342095-1-200x267.jpg 200w, https:\/\/colegiodelapurisima.cl\/colegio-pc\/wp-content\/uploads\/2022\/11\/1666972342095-1-225x300.jpg 225w, https:\/\/colegiodelapurisima.cl\/colegio-pc\/wp-content\/uploads\/2022\/11\/1666972342095-1-400x533.jpg 400w, https:\/\/colegiodelapurisima.cl\/colegio-pc\/wp-content\/uploads\/2022\/11\/1666972342095-1-600x800.jpg 600w, https:\/\/colegiodelapurisima.cl\/colegio-pc\/wp-content\/uploads\/2022\/11\/1666972342095-1-768x1024.jpg 768w, https:\/\/colegiodelapurisima.cl\/colegio-pc\/wp-content\/uploads\/2022\/11\/1666972342095-1-800x1067.jpg 800w, https:\/\/colegiodelapurisima.cl\/colegio-pc\/wp-content\/uploads\/2022\/11\/1666972342095-1-1152x1536.jpg 1152w, https:\/\/colegiodelapurisima.cl\/colegio-pc\/wp-content\/uploads\/2022\/11\/1666972342095-1-1200x1600.jpg 1200w, https:\/\/colegiodelapurisima.cl\/colegio-pc\/wp-content\/uploads\/2022\/11\/1666972342095-1-1536x2048.jpg 1536w, https:\/\/colegiodelapurisima.cl\/colegio-pc\/wp-content\/uploads\/2022\/11\/1666972342095-1-scaled.jpg 1920w\" sizes=\"(max-width: 225px) 100vw, 225px\" \/> <img decoding=\"async\" class=\"alignnone size-medium wp-image-13819\" src=\"http:\/\/colegiodelapurisima.cl\/colegio-pc\/wp-content\/uploads\/2022\/11\/1666972342109-1-225x300.jpg\" alt=\"\" width=\"225\" height=\"300\" srcset=\"https:\/\/colegiodelapurisima.cl\/colegio-pc\/wp-content\/uploads\/2022\/11\/1666972342109-1-200x267.jpg 200w, https:\/\/colegiodelapurisima.cl\/colegio-pc\/wp-content\/uploads\/2022\/11\/1666972342109-1-225x300.jpg 225w, https:\/\/colegiodelapurisima.cl\/colegio-pc\/wp-content\/uploads\/2022\/11\/1666972342109-1-400x533.jpg 400w, https:\/\/colegiodelapurisima.cl\/colegio-pc\/wp-content\/uploads\/2022\/11\/1666972342109-1-600x800.jpg 600w, https:\/\/colegiodelapurisima.cl\/colegio-pc\/wp-content\/uploads\/2022\/11\/1666972342109-1-768x1024.jpg 768w, https:\/\/colegiodelapurisima.cl\/colegio-pc\/wp-content\/uploads\/2022\/11\/1666972342109-1-800x1067.jpg 800w, https:\/\/colegiodelapurisima.cl\/colegio-pc\/wp-content\/uploads\/2022\/11\/1666972342109-1-1152x1536.jpg 1152w, https:\/\/colegiodelapurisima.cl\/colegio-pc\/wp-content\/uploads\/2022\/11\/1666972342109-1-1200x1600.jpg 1200w, https:\/\/colegiodelapurisima.cl\/colegio-pc\/wp-content\/uploads\/2022\/11\/1666972342109-1-1536x2048.jpg 1536w, https:\/\/colegiodelapurisima.cl\/colegio-pc\/wp-content\/uploads\/2022\/11\/1666972342109-1-scaled.jpg 1920w\" sizes=\"(max-width: 225px) 100vw, 225px\" \/><b><i><\/i><\/b><\/div>\n","protected":false},"excerpt":{"rendered":"<p>El d\u00eda\u00a0jueves 27 de octubre, se realiz\u00f3 un encuentro con Delegados de Pastoral de Apoderados, con el fin de reunirnos para compartir un momento de [&hellip;]<\/p>\n","protected":false},"author":8,"featured_media":0,"comment_status":"closed","ping_status":"closed","sticky":false,"template":"","format":"standard","meta":{"footnotes":""},"categories":[13],"tags":[],"class_list":["post-13812","post","type-post","status-publish","format-standard","hentry","category-pastoral"],"_links":{"self":[{"href":"https:\/\/colegiodelapurisima.cl\/colegio-pc\/wp-json\/wp\/v2\/posts\/13812","targetHints":{"allow":["GET"]}}],"collection":[{"href":"https:\/\/colegiodelapurisima.cl\/colegio-pc\/wp-json\/wp\/v2\/posts"}],"about":[{"href":"https:\/\/colegiodelapurisima.cl\/colegio-pc\/wp-json\/wp\/v2\/types\/post"}],"author":[{"embeddable":true,"href":"https:\/\/colegiodelapurisima.cl\/colegio-pc\/wp-json\/wp\/v2\/users\/8"}],"replies":[{"embeddable":true,"href":"https:\/\/colegiodelapurisima.cl\/colegio-pc\/wp-json\/wp\/v2\/comments?post=13812"}],"version-history":[{"count":3,"href":"https:\/\/colegiodelapurisima.cl\/colegio-pc\/wp-json\/wp\/v2\/posts\/13812\/revisions"}],"predecessor-version":[{"id":13821,"href":"https:\/\/colegiodelapurisima.cl\/colegio-pc\/wp-json\/wp\/v2\/posts\/13812\/revisions\/13821"}],"wp:attachment":[{"href":"https:\/\/colegiodelapurisima.cl\/colegio-pc\/wp-json\/wp\/v2\/media?parent=13812"}],"wp:term":[{"taxonomy":"category","embeddable":true,"href":"https:\/\/colegiodelapurisima.cl\/colegio-pc\/wp-json\/wp\/v2\/categories?post=13812"},{"taxonomy":"post_tag","embeddable":true,"href":"https:\/\/colegiodelapurisima.cl\/colegio-pc\/wp-json\/wp\/v2\/tags?post=13812"}],"curies":[{"name":"wp","href":"https:\/\/api.w.org\/{rel}","templated":true}]}}