{"id":13649,"date":"2022-10-21T15:15:42","date_gmt":"2022-10-21T15:15:42","guid":{"rendered":"http:\/\/colegiodelapurisima.cl\/colegio-pc\/?p=13649"},"modified":"2022-10-21T15:15:42","modified_gmt":"2022-10-21T15:15:42","slug":"concurso-de-coreografias","status":"publish","type":"post","link":"https:\/\/colegiodelapurisima.cl\/colegio-pc\/concurso-de-coreografias\/","title":{"rendered":"Concurso de Coreograf\u00edas"},"content":{"rendered":"<div id=\":n6\" class=\"ii gt\">\n<div id=\":n5\" class=\"a3s aiL \">\n<div dir=\"auto\">\n<div dir=\"auto\">El d\u00eda Jueves 20 de octubre el Taller de Danza del establecimiento se hizo presente en el XII Concurso de Coreograf\u00edas que organiza el Liceo Marta Brunet, en d\u00f3nde se presentaron en competencia las alumnas de 4\u00b0 B\u00e1sico con la coreograf\u00eda \u00abCriaturas M\u00e1gicas\u00bb, los 7\u00b0y 8\u00b0 B\u00e1sicos con \u00abResistencia\u00bb y la Selecci\u00f3n de Ense\u00f1anza Media con \u00abVortex\u00bb. Adem\u00e1s las alumnas de Ense\u00f1anza Media presentaron un baile de muestra llamado \u00abCrimen\u00bb.<\/div>\n<div dir=\"auto\">Gracias al talento y desempe\u00f1o de las alumnas y su profesora, se obtuvieron galardones en todas sus categor\u00edas, as\u00ed el Primer Ciclo B\u00e1sico obtuvo 3er lugar, Ense\u00f1anza Media 2do lugar y nuestras campeonas de Segundo Ciclo B\u00e1sico obtuvieron 1er lugar.<\/div>\n<\/div>\n<\/div>\n<\/div>\n<div dir=\"auto\"><\/div>\n<div dir=\"auto\"><img decoding=\"async\" class=\"alignnone size-medium wp-image-13650\" src=\"http:\/\/colegiodelapurisima.cl\/colegio-pc\/wp-content\/uploads\/2022\/10\/IMG-20221021-WA0002-300x135.jpg\" alt=\"\" width=\"300\" height=\"135\" srcset=\"https:\/\/colegiodelapurisima.cl\/colegio-pc\/wp-content\/uploads\/2022\/10\/IMG-20221021-WA0002-200x90.jpg 200w, https:\/\/colegiodelapurisima.cl\/colegio-pc\/wp-content\/uploads\/2022\/10\/IMG-20221021-WA0002-300x135.jpg 300w, https:\/\/colegiodelapurisima.cl\/colegio-pc\/wp-content\/uploads\/2022\/10\/IMG-20221021-WA0002-400x180.jpg 400w, https:\/\/colegiodelapurisima.cl\/colegio-pc\/wp-content\/uploads\/2022\/10\/IMG-20221021-WA0002-600x270.jpg 600w, https:\/\/colegiodelapurisima.cl\/colegio-pc\/wp-content\/uploads\/2022\/10\/IMG-20221021-WA0002-768x346.jpg 768w, https:\/\/colegiodelapurisima.cl\/colegio-pc\/wp-content\/uploads\/2022\/10\/IMG-20221021-WA0002-800x360.jpg 800w, https:\/\/colegiodelapurisima.cl\/colegio-pc\/wp-content\/uploads\/2022\/10\/IMG-20221021-WA0002-1024x461.jpg 1024w, https:\/\/colegiodelapurisima.cl\/colegio-pc\/wp-content\/uploads\/2022\/10\/IMG-20221021-WA0002-1200x540.jpg 1200w, https:\/\/colegiodelapurisima.cl\/colegio-pc\/wp-content\/uploads\/2022\/10\/IMG-20221021-WA0002-1536x691.jpg 1536w, https:\/\/colegiodelapurisima.cl\/colegio-pc\/wp-content\/uploads\/2022\/10\/IMG-20221021-WA0002.jpg 1600w\" sizes=\"(max-width: 300px) 100vw, 300px\" \/> <img decoding=\"async\" class=\"alignnone size-medium wp-image-13651\" src=\"http:\/\/colegiodelapurisima.cl\/colegio-pc\/wp-content\/uploads\/2022\/10\/IMG-20221021-WA0003-300x225.jpg\" alt=\"\" width=\"300\" height=\"225\" srcset=\"https:\/\/colegiodelapurisima.cl\/colegio-pc\/wp-content\/uploads\/2022\/10\/IMG-20221021-WA0003-200x150.jpg 200w, https:\/\/colegiodelapurisima.cl\/colegio-pc\/wp-content\/uploads\/2022\/10\/IMG-20221021-WA0003-300x225.jpg 300w, https:\/\/colegiodelapurisima.cl\/colegio-pc\/wp-content\/uploads\/2022\/10\/IMG-20221021-WA0003-400x300.jpg 400w, https:\/\/colegiodelapurisima.cl\/colegio-pc\/wp-content\/uploads\/2022\/10\/IMG-20221021-WA0003-600x450.jpg 600w, https:\/\/colegiodelapurisima.cl\/colegio-pc\/wp-content\/uploads\/2022\/10\/IMG-20221021-WA0003-768x576.jpg 768w, https:\/\/colegiodelapurisima.cl\/colegio-pc\/wp-content\/uploads\/2022\/10\/IMG-20221021-WA0003-800x600.jpg 800w, https:\/\/colegiodelapurisima.cl\/colegio-pc\/wp-content\/uploads\/2022\/10\/IMG-20221021-WA0003-1024x768.jpg 1024w, https:\/\/colegiodelapurisima.cl\/colegio-pc\/wp-content\/uploads\/2022\/10\/IMG-20221021-WA0003-1200x900.jpg 1200w, https:\/\/colegiodelapurisima.cl\/colegio-pc\/wp-content\/uploads\/2022\/10\/IMG-20221021-WA0003-1536x1152.jpg 1536w, https:\/\/colegiodelapurisima.cl\/colegio-pc\/wp-content\/uploads\/2022\/10\/IMG-20221021-WA0003.jpg 1600w\" sizes=\"(max-width: 300px) 100vw, 300px\" \/> <img decoding=\"async\" class=\"alignnone size-medium wp-image-13652\" src=\"http:\/\/colegiodelapurisima.cl\/colegio-pc\/wp-content\/uploads\/2022\/10\/IMG-20221021-WA0001-300x135.jpg\" alt=\"\" width=\"300\" height=\"135\" srcset=\"https:\/\/colegiodelapurisima.cl\/colegio-pc\/wp-content\/uploads\/2022\/10\/IMG-20221021-WA0001-200x90.jpg 200w, https:\/\/colegiodelapurisima.cl\/colegio-pc\/wp-content\/uploads\/2022\/10\/IMG-20221021-WA0001-300x135.jpg 300w, https:\/\/colegiodelapurisima.cl\/colegio-pc\/wp-content\/uploads\/2022\/10\/IMG-20221021-WA0001-400x180.jpg 400w, https:\/\/colegiodelapurisima.cl\/colegio-pc\/wp-content\/uploads\/2022\/10\/IMG-20221021-WA0001-600x270.jpg 600w, https:\/\/colegiodelapurisima.cl\/colegio-pc\/wp-content\/uploads\/2022\/10\/IMG-20221021-WA0001-768x346.jpg 768w, https:\/\/colegiodelapurisima.cl\/colegio-pc\/wp-content\/uploads\/2022\/10\/IMG-20221021-WA0001-800x360.jpg 800w, https:\/\/colegiodelapurisima.cl\/colegio-pc\/wp-content\/uploads\/2022\/10\/IMG-20221021-WA0001-1024x461.jpg 1024w, https:\/\/colegiodelapurisima.cl\/colegio-pc\/wp-content\/uploads\/2022\/10\/IMG-20221021-WA0001-1200x540.jpg 1200w, https:\/\/colegiodelapurisima.cl\/colegio-pc\/wp-content\/uploads\/2022\/10\/IMG-20221021-WA0001-1536x691.jpg 1536w, https:\/\/colegiodelapurisima.cl\/colegio-pc\/wp-content\/uploads\/2022\/10\/IMG-20221021-WA0001.jpg 1600w\" sizes=\"(max-width: 300px) 100vw, 300px\" \/><\/div>\n<div id=\":n6\" class=\"ii gt\">\n<div id=\":n5\" class=\"a3s aiL \">\n<div class=\"yj6qo\"><\/div>\n<div class=\"adL\"><\/div>\n<\/div>\n<\/div>\n<div id=\":ow\" class=\"hq gt\"><\/div>\n","protected":false},"excerpt":{"rendered":"<p>El d\u00eda Jueves 20 de octubre el Taller de Danza del establecimiento se hizo presente en el XII Concurso de Coreograf\u00edas que organiza el Liceo [&hellip;]<\/p>\n","protected":false},"author":8,"featured_media":0,"comment_status":"closed","ping_status":"closed","sticky":false,"template":"","format":"standard","meta":{"footnotes":""},"categories":[1],"tags":[],"class_list":["post-13649","post","type-post","status-publish","format-standard","hentry","category-sin-categoria"],"_links":{"self":[{"href":"https:\/\/colegiodelapurisima.cl\/colegio-pc\/wp-json\/wp\/v2\/posts\/13649","targetHints":{"allow":["GET"]}}],"collection":[{"href":"https:\/\/colegiodelapurisima.cl\/colegio-pc\/wp-json\/wp\/v2\/posts"}],"about":[{"href":"https:\/\/colegiodelapurisima.cl\/colegio-pc\/wp-json\/wp\/v2\/types\/post"}],"author":[{"embeddable":true,"href":"https:\/\/colegiodelapurisima.cl\/colegio-pc\/wp-json\/wp\/v2\/users\/8"}],"replies":[{"embeddable":true,"href":"https:\/\/colegiodelapurisima.cl\/colegio-pc\/wp-json\/wp\/v2\/comments?post=13649"}],"version-history":[{"count":1,"href":"https:\/\/colegiodelapurisima.cl\/colegio-pc\/wp-json\/wp\/v2\/posts\/13649\/revisions"}],"predecessor-version":[{"id":13653,"href":"https:\/\/colegiodelapurisima.cl\/colegio-pc\/wp-json\/wp\/v2\/posts\/13649\/revisions\/13653"}],"wp:attachment":[{"href":"https:\/\/colegiodelapurisima.cl\/colegio-pc\/wp-json\/wp\/v2\/media?parent=13649"}],"wp:term":[{"taxonomy":"category","embeddable":true,"href":"https:\/\/colegiodelapurisima.cl\/colegio-pc\/wp-json\/wp\/v2\/categories?post=13649"},{"taxonomy":"post_tag","embeddable":true,"href":"https:\/\/colegiodelapurisima.cl\/colegio-pc\/wp-json\/wp\/v2\/tags?post=13649"}],"curies":[{"name":"wp","href":"https:\/\/api.w.org\/{rel}","templated":true}]}}