{"id":13261,"date":"2022-09-14T12:23:40","date_gmt":"2022-09-14T12:23:40","guid":{"rendered":"https:\/\/colegiodelapurisima.cl\/colegio-pc\/?p=13261"},"modified":"2022-09-14T12:23:40","modified_gmt":"2022-09-14T12:23:40","slug":"reunion-delegados-pastoral-apoderados","status":"publish","type":"post","link":"https:\/\/colegiodelapurisima.cl\/colegio-pc\/reunion-delegados-pastoral-apoderados\/","title":{"rendered":"Reuni\u00f3n Delegados Pastoral Apoderados"},"content":{"rendered":"<div>El d\u00eda jueves 08 de septiembre, y con la presencia de representantes de los Apoderados, se realiz\u00f3 v\u00eda\u00a0online, la reuni\u00f3n de Delegados de Pastoral. Junto con compartir una tem\u00e1tica sobre el mes de la Biblia, tuvimos la oportunidad de agradecer por el aporte generoso de los apoderados en nuestra campa\u00f1a de Pa\u00f1ales que ir\u00e1 en ayuda del Hogar de Ancianos de Coihueco. Adem\u00e1s, tuvimos la oportunidad de organizar algunas actividades para los pr\u00f3ximos\u00a0meses.<\/div>\n<div><\/div>\n<div>\n<p><b><i>Departamento de Pastoral<span style=\"color: #888888;\"><br clear=\"all\" \/><\/span><\/i><\/b><\/p>\n\n<div><a href=\"https:\/\/colegiodelapurisima.cl\/colegio-pc\/?attachment_id=13259\" rel=\"attachment wp-att-13259\"><img decoding=\"async\" class=\"aligncenter size-full wp-image-13259\" src=\"http:\/\/colegiodelapurisima.cl\/colegio-pc\/wp-content\/uploads\/2022\/09\/2022-09-08-5.png\" alt=\"\" width=\"1920\" height=\"976\" srcset=\"https:\/\/colegiodelapurisima.cl\/colegio-pc\/wp-content\/uploads\/2022\/09\/2022-09-08-5-200x102.png 200w, https:\/\/colegiodelapurisima.cl\/colegio-pc\/wp-content\/uploads\/2022\/09\/2022-09-08-5-300x153.png 300w, https:\/\/colegiodelapurisima.cl\/colegio-pc\/wp-content\/uploads\/2022\/09\/2022-09-08-5-400x203.png 400w, https:\/\/colegiodelapurisima.cl\/colegio-pc\/wp-content\/uploads\/2022\/09\/2022-09-08-5-600x305.png 600w, https:\/\/colegiodelapurisima.cl\/colegio-pc\/wp-content\/uploads\/2022\/09\/2022-09-08-5-768x390.png 768w, https:\/\/colegiodelapurisima.cl\/colegio-pc\/wp-content\/uploads\/2022\/09\/2022-09-08-5-800x407.png 800w, https:\/\/colegiodelapurisima.cl\/colegio-pc\/wp-content\/uploads\/2022\/09\/2022-09-08-5-1024x521.png 1024w, https:\/\/colegiodelapurisima.cl\/colegio-pc\/wp-content\/uploads\/2022\/09\/2022-09-08-5-1200x610.png 1200w, https:\/\/colegiodelapurisima.cl\/colegio-pc\/wp-content\/uploads\/2022\/09\/2022-09-08-5-1536x781.png 1536w, https:\/\/colegiodelapurisima.cl\/colegio-pc\/wp-content\/uploads\/2022\/09\/2022-09-08-5.png 1920w\" sizes=\"(max-width: 1920px) 100vw, 1920px\" \/><\/a><\/div>\n<\/div>\n","protected":false},"excerpt":{"rendered":"<p>El d\u00eda jueves 08 de septiembre, y con la presencia de representantes de los Apoderados, se realiz\u00f3 v\u00eda\u00a0online, la reuni\u00f3n de Delegados de Pastoral. Junto [&hellip;]<\/p>\n","protected":false},"author":8,"featured_media":0,"comment_status":"closed","ping_status":"closed","sticky":false,"template":"","format":"standard","meta":{"footnotes":""},"categories":[1],"tags":[],"class_list":["post-13261","post","type-post","status-publish","format-standard","hentry","category-sin-categoria"],"_links":{"self":[{"href":"https:\/\/colegiodelapurisima.cl\/colegio-pc\/wp-json\/wp\/v2\/posts\/13261","targetHints":{"allow":["GET"]}}],"collection":[{"href":"https:\/\/colegiodelapurisima.cl\/colegio-pc\/wp-json\/wp\/v2\/posts"}],"about":[{"href":"https:\/\/colegiodelapurisima.cl\/colegio-pc\/wp-json\/wp\/v2\/types\/post"}],"author":[{"embeddable":true,"href":"https:\/\/colegiodelapurisima.cl\/colegio-pc\/wp-json\/wp\/v2\/users\/8"}],"replies":[{"embeddable":true,"href":"https:\/\/colegiodelapurisima.cl\/colegio-pc\/wp-json\/wp\/v2\/comments?post=13261"}],"version-history":[{"count":3,"href":"https:\/\/colegiodelapurisima.cl\/colegio-pc\/wp-json\/wp\/v2\/posts\/13261\/revisions"}],"predecessor-version":[{"id":13264,"href":"https:\/\/colegiodelapurisima.cl\/colegio-pc\/wp-json\/wp\/v2\/posts\/13261\/revisions\/13264"}],"wp:attachment":[{"href":"https:\/\/colegiodelapurisima.cl\/colegio-pc\/wp-json\/wp\/v2\/media?parent=13261"}],"wp:term":[{"taxonomy":"category","embeddable":true,"href":"https:\/\/colegiodelapurisima.cl\/colegio-pc\/wp-json\/wp\/v2\/categories?post=13261"},{"taxonomy":"post_tag","embeddable":true,"href":"https:\/\/colegiodelapurisima.cl\/colegio-pc\/wp-json\/wp\/v2\/tags?post=13261"}],"curies":[{"name":"wp","href":"https:\/\/api.w.org\/{rel}","templated":true}]}}