{"id":13193,"date":"2022-08-25T18:12:32","date_gmt":"2022-08-25T18:12:32","guid":{"rendered":"https:\/\/colegiodelapurisima.cl\/colegio-pc\/?p=13193"},"modified":"2022-08-30T16:37:49","modified_gmt":"2022-08-30T16:37:49","slug":"jornada-de-formacion-integral","status":"publish","type":"post","link":"https:\/\/colegiodelapurisima.cl\/colegio-pc\/jornada-de-formacion-integral\/","title":{"rendered":"Jornada de Formaci\u00f3n Integral"},"content":{"rendered":"<div class=\"fusion-fullwidth fullwidth-box fusion-builder-row-1 fusion-flex-container nonhundred-percent-fullwidth non-hundred-percent-height-scrolling\" style=\"background-color: rgba(255,255,255,0);background-position: center center;background-repeat: no-repeat;border-width: 0px 0px 0px 0px;border-color:#eae9e9;border-style:solid;\" ><div class=\"fusion-builder-row fusion-row fusion-flex-align-items-flex-start\" style=\"max-width:1144px;margin-left: calc(-4% \/ 2 );margin-right: calc(-4% \/ 2 );\"><div class=\"fusion-layout-column fusion_builder_column fusion-builder-column-0 fusion_builder_column_1_1 1_1 fusion-flex-column\"><div class=\"fusion-column-wrapper fusion-flex-justify-content-flex-start fusion-content-layout-column\" style=\"background-position:left top;background-repeat:no-repeat;-webkit-background-size:cover;-moz-background-size:cover;-o-background-size:cover;background-size:cover;padding: 0px 0px 0px 0px;\"><div class=\"fusion-text fusion-text-1\"><div style=\"text-align: center;\">Acompa\u00f1adas por su profesora jefe, prof. Ana Carvajal, estudiantes del II\u00b0 Medio B de nuestro Colegio, participaron este <b>jueves 18 de agosto<\/b> en su Jornada de Formaci\u00f3n Integral. La actividad se desarroll\u00f3 en Casa de Ejercicios Tabor y estuvo enfocada a la formaci\u00f3n y acompa\u00f1amiento de nuestras estudiantes desde la Coordinaci\u00f3n Pastoral y Convivencia Escolar.<\/div>\n<div style=\"text-align: center;\">En la ma\u00f1ana del jueves participaron en temas y actividades recreativas, al igual que en momentos enfocados al crecimiento personal y como curso. La jornada finaliz\u00f3 con un momento de oraci\u00f3n acompa\u00f1ada por nuestro Capell\u00e1n P. Samuel Cereceda.<\/div>\n<div style=\"text-align: center;\"><b>\u00a0<\/b><\/div>\n<div style=\"text-align: center;\"><b>Departamento de Pastoral<\/b><\/div>\n<\/div><style type=\"text\/css\">.fusion-gallery-1 .fusion-gallery-image {border:0px solid #f6f6f6;}<\/style><div class=\"fusion-gallery fusion-gallery-container fusion-grid-3 fusion-columns-total-3 fusion-gallery-layout-grid fusion-gallery-1\" style=\"margin:-5px;\"><div style=\"padding:5px;\" class=\"fusion-grid-column fusion-gallery-column fusion-gallery-column-3\"><div class=\"fusion-gallery-image fusion-gallery-image-liftup\"><a href=\"https:\/\/colegiodelapurisima.cl\/colegio-pc\/wp-content\/uploads\/2022\/08\/IMG_20220818_122803-scaled.jpg\" rel=\"noreferrer\" data-rel=\"iLightbox[gallery_image_1]\" class=\"fusion-lightbox\" target=\"_self\"><img decoding=\"async\" src=\"https:\/\/colegiodelapurisima.cl\/colegio-pc\/wp-content\/uploads\/2022\/08\/IMG_20220818_122803-scaled.jpg\" width=\"1920\" height=\"2560\" alt=\"\" title=\"IMG_20220818_122803\" aria-label=\"IMG_20220818_122803\" class=\"img-responsive wp-image-13194\" srcset=\"https:\/\/colegiodelapurisima.cl\/colegio-pc\/wp-content\/uploads\/2022\/08\/IMG_20220818_122803-200x267.jpg 200w, https:\/\/colegiodelapurisima.cl\/colegio-pc\/wp-content\/uploads\/2022\/08\/IMG_20220818_122803-400x533.jpg 400w, https:\/\/colegiodelapurisima.cl\/colegio-pc\/wp-content\/uploads\/2022\/08\/IMG_20220818_122803-600x800.jpg 600w, https:\/\/colegiodelapurisima.cl\/colegio-pc\/wp-content\/uploads\/2022\/08\/IMG_20220818_122803-800x1067.jpg 800w, https:\/\/colegiodelapurisima.cl\/colegio-pc\/wp-content\/uploads\/2022\/08\/IMG_20220818_122803-1200x1600.jpg 1200w, https:\/\/colegiodelapurisima.cl\/colegio-pc\/wp-content\/uploads\/2022\/08\/IMG_20220818_122803-scaled.jpg 1920w\" sizes=\"(min-width: 2200px) 100vw, (min-width: 784px) 363px, (min-width: 712px) 545px, (min-width: 640px) 712px, \" \/><\/a><\/div><\/div><div style=\"padding:5px;\" class=\"fusion-grid-column fusion-gallery-column fusion-gallery-column-3\"><div class=\"fusion-gallery-image fusion-gallery-image-liftup\"><a href=\"https:\/\/colegiodelapurisima.cl\/colegio-pc\/wp-content\/uploads\/2022\/08\/IMG_20220818_124101-scaled.jpg\" rel=\"noreferrer\" data-rel=\"iLightbox[gallery_image_1]\" class=\"fusion-lightbox\" target=\"_self\"><img decoding=\"async\" src=\"https:\/\/colegiodelapurisima.cl\/colegio-pc\/wp-content\/uploads\/2022\/08\/IMG_20220818_124101-scaled.jpg\" width=\"1920\" height=\"2560\" alt=\"\" title=\"IMG_20220818_124101\" aria-label=\"IMG_20220818_124101\" class=\"img-responsive wp-image-13195\" srcset=\"https:\/\/colegiodelapurisima.cl\/colegio-pc\/wp-content\/uploads\/2022\/08\/IMG_20220818_124101-200x267.jpg 200w, https:\/\/colegiodelapurisima.cl\/colegio-pc\/wp-content\/uploads\/2022\/08\/IMG_20220818_124101-400x533.jpg 400w, https:\/\/colegiodelapurisima.cl\/colegio-pc\/wp-content\/uploads\/2022\/08\/IMG_20220818_124101-600x800.jpg 600w, https:\/\/colegiodelapurisima.cl\/colegio-pc\/wp-content\/uploads\/2022\/08\/IMG_20220818_124101-800x1067.jpg 800w, https:\/\/colegiodelapurisima.cl\/colegio-pc\/wp-content\/uploads\/2022\/08\/IMG_20220818_124101-1200x1600.jpg 1200w, https:\/\/colegiodelapurisima.cl\/colegio-pc\/wp-content\/uploads\/2022\/08\/IMG_20220818_124101-scaled.jpg 1920w\" sizes=\"(min-width: 2200px) 100vw, (min-width: 784px) 363px, (min-width: 712px) 545px, (min-width: 640px) 712px, \" \/><\/a><\/div><\/div><div style=\"padding:5px;\" class=\"fusion-grid-column fusion-gallery-column fusion-gallery-column-3\"><div class=\"fusion-gallery-image fusion-gallery-image-liftup\"><a href=\"https:\/\/colegiodelapurisima.cl\/colegio-pc\/wp-content\/uploads\/2022\/08\/IMG_20220818_132947-scaled.jpg\" rel=\"noreferrer\" data-rel=\"iLightbox[gallery_image_1]\" class=\"fusion-lightbox\" target=\"_self\"><img decoding=\"async\" src=\"https:\/\/colegiodelapurisima.cl\/colegio-pc\/wp-content\/uploads\/2022\/08\/IMG_20220818_132947-scaled.jpg\" width=\"2560\" height=\"1920\" alt=\"\" title=\"IMG_20220818_132947\" aria-label=\"IMG_20220818_132947\" class=\"img-responsive wp-image-13196\" srcset=\"https:\/\/colegiodelapurisima.cl\/colegio-pc\/wp-content\/uploads\/2022\/08\/IMG_20220818_132947-200x150.jpg 200w, https:\/\/colegiodelapurisima.cl\/colegio-pc\/wp-content\/uploads\/2022\/08\/IMG_20220818_132947-400x300.jpg 400w, https:\/\/colegiodelapurisima.cl\/colegio-pc\/wp-content\/uploads\/2022\/08\/IMG_20220818_132947-600x450.jpg 600w, https:\/\/colegiodelapurisima.cl\/colegio-pc\/wp-content\/uploads\/2022\/08\/IMG_20220818_132947-800x600.jpg 800w, https:\/\/colegiodelapurisima.cl\/colegio-pc\/wp-content\/uploads\/2022\/08\/IMG_20220818_132947-1200x900.jpg 1200w, https:\/\/colegiodelapurisima.cl\/colegio-pc\/wp-content\/uploads\/2022\/08\/IMG_20220818_132947-scaled.jpg 2560w\" sizes=\"(min-width: 2200px) 100vw, (min-width: 784px) 363px, (min-width: 712px) 545px, (min-width: 640px) 712px, \" \/><\/a><\/div><\/div><div class=\"clearfix\"><\/div><\/div><\/div><style type=\"text\/css\">.fusion-body .fusion-builder-column-0{width:100% !important;margin-top : 0px;margin-bottom : 0px;}.fusion-builder-column-0 > .fusion-column-wrapper {padding-top : 0px !important;padding-right : 0px !important;margin-right : 1.92%;padding-bottom : 0px !important;padding-left : 0px !important;margin-left : 1.92%;}@media only screen and (max-width:1024px) {.fusion-body .fusion-builder-column-0{width:100% !important;}.fusion-builder-column-0 > .fusion-column-wrapper {margin-right : 1.92%;margin-left : 1.92%;}}@media only screen and (max-width:640px) {.fusion-body .fusion-builder-column-0{width:100% !important;}.fusion-builder-column-0 > .fusion-column-wrapper {margin-right : 1.92%;margin-left : 1.92%;}}<\/style><\/div><\/div><style type=\"text\/css\">.fusion-body .fusion-flex-container.fusion-builder-row-1{ padding-top : 0px;margin-top : 0px;padding-right : 0px;padding-bottom : 0px;margin-bottom : 0px;padding-left : 0px;}<\/style><\/div>\n","protected":false},"excerpt":{"rendered":"","protected":false},"author":8,"featured_media":13196,"comment_status":"closed","ping_status":"closed","sticky":false,"template":"","format":"standard","meta":{"footnotes":""},"categories":[1],"tags":[],"class_list":["post-13193","post","type-post","status-publish","format-standard","has-post-thumbnail","hentry","category-sin-categoria"],"_links":{"self":[{"href":"https:\/\/colegiodelapurisima.cl\/colegio-pc\/wp-json\/wp\/v2\/posts\/13193","targetHints":{"allow":["GET"]}}],"collection":[{"href":"https:\/\/colegiodelapurisima.cl\/colegio-pc\/wp-json\/wp\/v2\/posts"}],"about":[{"href":"https:\/\/colegiodelapurisima.cl\/colegio-pc\/wp-json\/wp\/v2\/types\/post"}],"author":[{"embeddable":true,"href":"https:\/\/colegiodelapurisima.cl\/colegio-pc\/wp-json\/wp\/v2\/users\/8"}],"replies":[{"embeddable":true,"href":"https:\/\/colegiodelapurisima.cl\/colegio-pc\/wp-json\/wp\/v2\/comments?post=13193"}],"version-history":[{"count":1,"href":"https:\/\/colegiodelapurisima.cl\/colegio-pc\/wp-json\/wp\/v2\/posts\/13193\/revisions"}],"predecessor-version":[{"id":13197,"href":"https:\/\/colegiodelapurisima.cl\/colegio-pc\/wp-json\/wp\/v2\/posts\/13193\/revisions\/13197"}],"wp:featuredmedia":[{"embeddable":true,"href":"https:\/\/colegiodelapurisima.cl\/colegio-pc\/wp-json\/wp\/v2\/media\/13196"}],"wp:attachment":[{"href":"https:\/\/colegiodelapurisima.cl\/colegio-pc\/wp-json\/wp\/v2\/media?parent=13193"}],"wp:term":[{"taxonomy":"category","embeddable":true,"href":"https:\/\/colegiodelapurisima.cl\/colegio-pc\/wp-json\/wp\/v2\/categories?post=13193"},{"taxonomy":"post_tag","embeddable":true,"href":"https:\/\/colegiodelapurisima.cl\/colegio-pc\/wp-json\/wp\/v2\/tags?post=13193"}],"curies":[{"name":"wp","href":"https:\/\/api.w.org\/{rel}","templated":true}]}}