{"id":13091,"date":"2022-08-04T18:29:13","date_gmt":"2022-08-04T18:29:13","guid":{"rendered":"https:\/\/colegiodelapurisima.cl\/colegio-pc\/?p=13091"},"modified":"2022-08-04T18:35:48","modified_gmt":"2022-08-04T18:35:48","slug":"15o-campeonato-de-matematica-ufro","status":"publish","type":"post","link":"https:\/\/colegiodelapurisima.cl\/colegio-pc\/15o-campeonato-de-matematica-ufro\/","title":{"rendered":"\u201c15\u00ba Campeonato de Matem\u00e1tica UFRO\u201d"},"content":{"rendered":"<div class=\"fusion-fullwidth fullwidth-box fusion-builder-row-1 fusion-flex-container nonhundred-percent-fullwidth non-hundred-percent-height-scrolling\" style=\"background-color: rgba(255,255,255,0);background-position: center center;background-repeat: no-repeat;border-width: 0px 0px 0px 0px;border-color:#eae9e9;border-style:solid;\" ><div class=\"fusion-builder-row fusion-row fusion-flex-align-items-flex-start\" style=\"max-width:1144px;margin-left: calc(-4% \/ 2 );margin-right: calc(-4% \/ 2 );\"><div class=\"fusion-layout-column fusion_builder_column fusion-builder-column-0 fusion_builder_column_1_1 1_1 fusion-flex-column\"><div class=\"fusion-column-wrapper fusion-flex-justify-content-flex-start fusion-content-layout-column\" style=\"background-position:left top;background-repeat:no-repeat;-webkit-background-size:cover;-moz-background-size:cover;-o-background-size:cover;background-size:cover;padding: 0px 0px 0px 0px;\"><div class=\"fusion-text fusion-text-1\"><p>Felicitaciones a las estudiantes que participaron.<\/p>\n<p>El desarrollo de las habilidades matem\u00e1ticas se ha tomado las aulas del colegio La Pur\u00edsima. Con una gran participaci\u00f3n y reiterados logros obtenidos, las estudiantes 7\u00b0 B\u00e1sico a IV\u00b0 Medio, del colegio han participado en este ya tradicional campeonato de Matem\u00e1tica, que organiza la Universidad la Frontera, para todos los estudiantes del pa\u00eds.<br \/>\nDespu\u00e9s de cuatro fases de competiciones, partiendo con dos pruebas en modalidad online y dos pruebas en modalidad presencial, se pudo determinar los mejores colegios en competencia. En este proceso, participaron 120 colegios de nuestro pa\u00eds, de los cuales pasaron los m\u00e1s destacados, para la ceremonia de premiaci\u00f3n que se realiz\u00f3 de manera presencial, este 2 de agosto, en el Aula Magna de la UFRO, en Temuco. Dentro de este grupo sobresalieron las estudiantes: Alondra Melissa Arriagada Nova (8\u00b0A), quien obtuvo medalla de Bronce, por el 3\u00b0 mejor lugar de Chile, en su nivel. Y Martina Beatriz Soto Puentes (I\u00b0A), medalla de bronce, por el 3\u00b0 mejor lugar de Chile, en su nivel.<br \/>\nCabe mencionar que nuestras estudiantes tuvieron una preparaci\u00f3n con clases fuera de su jornada escolar, en modo h\u00edbrido: presencial-virtual. Las clases y el acompa\u00f1amiento fue realizado por la Profesora Natalia Ibarra y el Profesor Pablo Troncoso. Gracias a estos esfuerzos, nuestro colegio, qued\u00f3 entre los mejores 39 colegios de Chile, en este importante torneo. Gracias a este logro, el colegio y sus estudiantes en competencia, fueron formalmente invitados a la ceremonia de premiaci\u00f3n a la capital de la novena regi\u00f3n; siendo acompa\u00f1adas por sus profesores, apoderados y en representaci\u00f3n de la Direcci\u00f3n del colegio, el Jefe de la Unidad T\u00e9cnico Pedag\u00f3gica, se\u00f1or Gonzalo Torres.<\/p>\n<p>N\u00f3mina de Participantes:<br \/>\nN\u00b0\tNombres\t                                        \tCurso<br \/>\n1\tSOFIA VALENTINA FIGUEROA\tOYARCE\t                 7\u00b0A<br \/>\n2\tJOSEFA IGNACIA\tMOLINA\tCHAVARRIA\t                 7\u00b0A<br \/>\n3\tMARTINA ANTONIA\tVENEGAS\tCARRASCO\t                 7\u00b0A<br \/>\n4\tJOSEFINA PAZ\tFIGUEROA\tPALMA\t                 7\u00b0B<br \/>\n5\tMILLARAY PAZ\tPALMA\tRODRIGUEZ\t                 7\u00b0B<br \/>\n6\tALMENDRA IGNACIA\tSANCHEZ\tARANEDA\t                 7\u00b0B<br \/>\n7\tALONDRA MELISSA\tARRIAGADA\tNOVA\t                 8\u00b0A<br \/>\n8\tVALENTINA PAOLA\tFIGUEROA\tORTIZ\t                 8\u00b0A<br \/>\n9\tJAVIERA ANDREA\tVARGAS\tIBARRA\t                         8\u00b0B<br \/>\n10\tVALENTINA NICOL\tFERNANDEZ\tORELLANA\t         8\u00b0B<br \/>\n11\tMARTINA BEATRIZ\tSOTO\tPUENTES\t                         I\u00b0A<br \/>\n12\tJOSEFA FRANCESCA\tTALCIANI\tQUINTANA\t I\u00b0A<br \/>\n13\tCONSTANZA ANTONIA\tPINTO \tCISTERNA\t         I\u00b0A<br \/>\n14\tALFONSINA PIEDAD\tJARA\tMANRIQUEZ\t         I\u00b0B<br \/>\n15\tMAUREN DANAE\tGARRIDO\tCORDOVA\t                         I\u00b0B<br \/>\n16\tYULIANA PAZ\tARTEAGA\tACU\u00d1A\t                         II\u00b0A<br \/>\n17\tKARLA BEATRIZ\tARRIAGADA\tPALMA\t                 II\u00b0A<br \/>\n18\tFRANCHESCA ESTEFANIA\tITURRA\tVIVALLOS\t         III\u00b0A<br \/>\n19\tANGELA ISIDORA\tVALENZUELA\tLAGUNAS\t                 III\u00b0A<br \/>\n20\tLILIAN ELIZABETH\tJOFRE \tUBILLA\t                 III\u00b0B<br \/>\n21\tPAMELA ANDREA\tFUENTES\tARAVENA\t                         III\u00b0B<br \/>\n22\tCONSTANZA ANDREA\tMU\u00d1OZ\tMONTENEGRO\t         III\u00b0B<br \/>\n23\tESPERANZA ANTONIA\tMONSALVE\tCARRASCO\t III\u00b0B<br \/>\n24\tALMENDRA DEL CARMEN\tROMERO\tMOYA\t                 IV\u00b0A<br \/>\n25\tCONSTANZA VALENTINA ANTONIA \tNAVARRETE\tFUENTES\t IV\u00b0A<br \/>\n26\tISIDORA IGNACIA BELEN\tGONZALEZ\tCHANDIA\t         IV\u00b0B<br \/>\n27\tCAMILA IGNACIA\tLEIVA\tQUEZADA\t                         IV\u00b0B<\/p>\n<p>Dentro de este grupo sobresalieron las siguientes 2 estudiantes<\/p>\n<p>\u2022\tALONDRA MELISSA ARRIAGADA NOVA MEDALLA DE BRONCE (3\u00b0 MEJOR DE CHILE EN SU NIVEL).<br \/>\n\u2022\tMARTINA BEATRIZ SOTO PUENTES MEDALLA DE BRONCE (3\u00b0 MEJOR DE CHILE EN SU NIVEL).<\/p>\n<p>Felicitamos a este grupo de estudiantes y a sus dos 3\u00b0 lugares mejores de Chile, lo que fortalece la formaci\u00f3n personal, trabajo en equipo, responsabilidad y esp\u00edritu de superaci\u00f3n en esta aventura del Campeonato de Matem\u00e1tica de la UFRO que llego a su fin.<\/p>\n<\/div><style type=\"text\/css\">.fusion-gallery-1 .fusion-gallery-image {border:0px solid #f6f6f6;}<\/style><div class=\"fusion-gallery fusion-gallery-container fusion-grid-4 fusion-columns-total-4 fusion-gallery-layout-grid fusion-gallery-1\" style=\"margin:-5px;\"><div style=\"padding:5px;\" class=\"fusion-grid-column fusion-gallery-column fusion-gallery-column-4\"><div class=\"fusion-gallery-image fusion-gallery-image-liftup\"><a href=\"https:\/\/colegiodelapurisima.cl\/colegio-pc\/wp-content\/uploads\/2022\/08\/3\u00b0-Lugar-8\u00b0-ba\u0301sico.jpg\" rel=\"noreferrer\" data-rel=\"iLightbox[gallery_image_1]\" class=\"fusion-lightbox\" target=\"_self\"><img decoding=\"async\" src=\"https:\/\/colegiodelapurisima.cl\/colegio-pc\/wp-content\/uploads\/2022\/08\/3\u00b0-Lugar-8\u00b0-ba\u0301sico.jpg\" width=\"1200\" height=\"1600\" alt=\"\" title=\"3\u00b0 Lugar, 8\u00b0 ba\u0301sico\" aria-label=\"3\u00b0 Lugar, 8\u00b0 ba\u0301sico\" class=\"img-responsive wp-image-13092\" srcset=\"https:\/\/colegiodelapurisima.cl\/colegio-pc\/wp-content\/uploads\/2022\/08\/3\u00b0-Lugar-8\u00b0-ba\u0301sico-200x267.jpg 200w, https:\/\/colegiodelapurisima.cl\/colegio-pc\/wp-content\/uploads\/2022\/08\/3\u00b0-Lugar-8\u00b0-ba\u0301sico-400x533.jpg 400w, https:\/\/colegiodelapurisima.cl\/colegio-pc\/wp-content\/uploads\/2022\/08\/3\u00b0-Lugar-8\u00b0-ba\u0301sico-600x800.jpg 600w, https:\/\/colegiodelapurisima.cl\/colegio-pc\/wp-content\/uploads\/2022\/08\/3\u00b0-Lugar-8\u00b0-ba\u0301sico-800x1067.jpg 800w, https:\/\/colegiodelapurisima.cl\/colegio-pc\/wp-content\/uploads\/2022\/08\/3\u00b0-Lugar-8\u00b0-ba\u0301sico.jpg 1200w\" sizes=\"(min-width: 2200px) 100vw, (min-width: 856px) 271px, (min-width: 784px) 362px, (min-width: 712px) 543px, (min-width: 640px) 712px, \" \/><\/a><\/div><\/div><div style=\"padding:5px;\" class=\"fusion-grid-column fusion-gallery-column fusion-gallery-column-4\"><div class=\"fusion-gallery-image fusion-gallery-image-liftup\"><a href=\"https:\/\/colegiodelapurisima.cl\/colegio-pc\/wp-content\/uploads\/2022\/08\/equipo-octavo-ba\u0301sico-profesora-Natalia.jpg\" rel=\"noreferrer\" data-rel=\"iLightbox[gallery_image_1]\" class=\"fusion-lightbox\" target=\"_self\"><img decoding=\"async\" src=\"https:\/\/colegiodelapurisima.cl\/colegio-pc\/wp-content\/uploads\/2022\/08\/equipo-octavo-ba\u0301sico-profesora-Natalia.jpg\" width=\"1024\" height=\"766\" alt=\"\" title=\"equipo octavo ba\u0301sico profesora Natalia\" aria-label=\"equipo octavo ba\u0301sico profesora Natalia\" class=\"img-responsive wp-image-13093\" srcset=\"https:\/\/colegiodelapurisima.cl\/colegio-pc\/wp-content\/uploads\/2022\/08\/equipo-octavo-ba\u0301sico-profesora-Natalia-200x150.jpg 200w, https:\/\/colegiodelapurisima.cl\/colegio-pc\/wp-content\/uploads\/2022\/08\/equipo-octavo-ba\u0301sico-profesora-Natalia-400x299.jpg 400w, https:\/\/colegiodelapurisima.cl\/colegio-pc\/wp-content\/uploads\/2022\/08\/equipo-octavo-ba\u0301sico-profesora-Natalia-600x449.jpg 600w, https:\/\/colegiodelapurisima.cl\/colegio-pc\/wp-content\/uploads\/2022\/08\/equipo-octavo-ba\u0301sico-profesora-Natalia-800x598.jpg 800w, https:\/\/colegiodelapurisima.cl\/colegio-pc\/wp-content\/uploads\/2022\/08\/equipo-octavo-ba\u0301sico-profesora-Natalia.jpg 1024w\" sizes=\"(min-width: 2200px) 100vw, (min-width: 856px) 271px, (min-width: 784px) 362px, (min-width: 712px) 543px, (min-width: 640px) 712px, \" \/><\/a><\/div><\/div><div style=\"padding:5px;\" class=\"fusion-grid-column fusion-gallery-column fusion-gallery-column-4\"><div class=\"fusion-gallery-image fusion-gallery-image-liftup\"><a href=\"https:\/\/colegiodelapurisima.cl\/colegio-pc\/wp-content\/uploads\/2022\/08\/Estudiantes-regio\u0301n-de-N\u0303uble-y-Bi\u0301o-bi\u0301o.jpg\" rel=\"noreferrer\" data-rel=\"iLightbox[gallery_image_1]\" class=\"fusion-lightbox\" target=\"_self\"><img decoding=\"async\" src=\"https:\/\/colegiodelapurisima.cl\/colegio-pc\/wp-content\/uploads\/2022\/08\/Estudiantes-regio\u0301n-de-N\u0303uble-y-Bi\u0301o-bi\u0301o.jpg\" width=\"1600\" height=\"1200\" alt=\"\" title=\"Estudiantes regio\u0301n de N\u0303uble y Bi\u0301o-bi\u0301o\" aria-label=\"Estudiantes regio\u0301n de N\u0303uble y Bi\u0301o-bi\u0301o\" class=\"img-responsive wp-image-13094\" srcset=\"https:\/\/colegiodelapurisima.cl\/colegio-pc\/wp-content\/uploads\/2022\/08\/Estudiantes-regio\u0301n-de-N\u0303uble-y-Bi\u0301o-bi\u0301o-200x150.jpg 200w, https:\/\/colegiodelapurisima.cl\/colegio-pc\/wp-content\/uploads\/2022\/08\/Estudiantes-regio\u0301n-de-N\u0303uble-y-Bi\u0301o-bi\u0301o-400x300.jpg 400w, https:\/\/colegiodelapurisima.cl\/colegio-pc\/wp-content\/uploads\/2022\/08\/Estudiantes-regio\u0301n-de-N\u0303uble-y-Bi\u0301o-bi\u0301o-600x450.jpg 600w, https:\/\/colegiodelapurisima.cl\/colegio-pc\/wp-content\/uploads\/2022\/08\/Estudiantes-regio\u0301n-de-N\u0303uble-y-Bi\u0301o-bi\u0301o-800x600.jpg 800w, https:\/\/colegiodelapurisima.cl\/colegio-pc\/wp-content\/uploads\/2022\/08\/Estudiantes-regio\u0301n-de-N\u0303uble-y-Bi\u0301o-bi\u0301o-1200x900.jpg 1200w, https:\/\/colegiodelapurisima.cl\/colegio-pc\/wp-content\/uploads\/2022\/08\/Estudiantes-regio\u0301n-de-N\u0303uble-y-Bi\u0301o-bi\u0301o.jpg 1600w\" sizes=\"(min-width: 2200px) 100vw, (min-width: 856px) 271px, (min-width: 784px) 362px, (min-width: 712px) 543px, (min-width: 640px) 712px, \" \/><\/a><\/div><\/div><div style=\"padding:5px;\" class=\"fusion-grid-column fusion-gallery-column fusion-gallery-column-4\"><div class=\"fusion-gallery-image fusion-gallery-image-liftup\"><a href=\"https:\/\/colegiodelapurisima.cl\/colegio-pc\/wp-content\/uploads\/2022\/08\/Foto-grupal-UFRO.jpg\" rel=\"noreferrer\" data-rel=\"iLightbox[gallery_image_1]\" class=\"fusion-lightbox\" target=\"_self\"><img decoding=\"async\" src=\"https:\/\/colegiodelapurisima.cl\/colegio-pc\/wp-content\/uploads\/2022\/08\/Foto-grupal-UFRO.jpg\" width=\"1600\" height=\"1200\" alt=\"\" title=\"Foto grupal UFRO\" aria-label=\"Foto grupal UFRO\" class=\"img-responsive wp-image-13095\" srcset=\"https:\/\/colegiodelapurisima.cl\/colegio-pc\/wp-content\/uploads\/2022\/08\/Foto-grupal-UFRO-200x150.jpg 200w, https:\/\/colegiodelapurisima.cl\/colegio-pc\/wp-content\/uploads\/2022\/08\/Foto-grupal-UFRO-400x300.jpg 400w, https:\/\/colegiodelapurisima.cl\/colegio-pc\/wp-content\/uploads\/2022\/08\/Foto-grupal-UFRO-600x450.jpg 600w, https:\/\/colegiodelapurisima.cl\/colegio-pc\/wp-content\/uploads\/2022\/08\/Foto-grupal-UFRO-800x600.jpg 800w, https:\/\/colegiodelapurisima.cl\/colegio-pc\/wp-content\/uploads\/2022\/08\/Foto-grupal-UFRO-1200x900.jpg 1200w, https:\/\/colegiodelapurisima.cl\/colegio-pc\/wp-content\/uploads\/2022\/08\/Foto-grupal-UFRO.jpg 1600w\" sizes=\"(min-width: 2200px) 100vw, (min-width: 856px) 271px, (min-width: 784px) 362px, (min-width: 712px) 543px, (min-width: 640px) 712px, \" \/><\/a><\/div><\/div><div class=\"clearfix\"><\/div><\/div><\/div><style type=\"text\/css\">.fusion-body .fusion-builder-column-0{width:100% !important;margin-top : 0px;margin-bottom : 0px;}.fusion-builder-column-0 > .fusion-column-wrapper {padding-top : 0px !important;padding-right : 0px !important;margin-right : 1.92%;padding-bottom : 0px !important;padding-left : 0px !important;margin-left : 1.92%;}@media only screen and (max-width:1024px) {.fusion-body .fusion-builder-column-0{width:100% !important;}.fusion-builder-column-0 > .fusion-column-wrapper {margin-right : 1.92%;margin-left : 1.92%;}}@media only screen and (max-width:640px) {.fusion-body .fusion-builder-column-0{width:100% !important;}.fusion-builder-column-0 > .fusion-column-wrapper {margin-right : 1.92%;margin-left : 1.92%;}}<\/style><\/div><\/div><style type=\"text\/css\">.fusion-body .fusion-flex-container.fusion-builder-row-1{ padding-top : 0px;margin-top : 0px;padding-right : 0px;padding-bottom : 0px;margin-bottom : 0px;padding-left : 0px;}<\/style><\/div>\n","protected":false},"excerpt":{"rendered":"","protected":false},"author":8,"featured_media":13094,"comment_status":"closed","ping_status":"closed","sticky":false,"template":"","format":"standard","meta":{"footnotes":""},"categories":[3],"tags":[],"class_list":["post-13091","post","type-post","status-publish","format-standard","has-post-thumbnail","hentry","category-academico"],"_links":{"self":[{"href":"https:\/\/colegiodelapurisima.cl\/colegio-pc\/wp-json\/wp\/v2\/posts\/13091","targetHints":{"allow":["GET"]}}],"collection":[{"href":"https:\/\/colegiodelapurisima.cl\/colegio-pc\/wp-json\/wp\/v2\/posts"}],"about":[{"href":"https:\/\/colegiodelapurisima.cl\/colegio-pc\/wp-json\/wp\/v2\/types\/post"}],"author":[{"embeddable":true,"href":"https:\/\/colegiodelapurisima.cl\/colegio-pc\/wp-json\/wp\/v2\/users\/8"}],"replies":[{"embeddable":true,"href":"https:\/\/colegiodelapurisima.cl\/colegio-pc\/wp-json\/wp\/v2\/comments?post=13091"}],"version-history":[{"count":1,"href":"https:\/\/colegiodelapurisima.cl\/colegio-pc\/wp-json\/wp\/v2\/posts\/13091\/revisions"}],"predecessor-version":[{"id":13096,"href":"https:\/\/colegiodelapurisima.cl\/colegio-pc\/wp-json\/wp\/v2\/posts\/13091\/revisions\/13096"}],"wp:featuredmedia":[{"embeddable":true,"href":"https:\/\/colegiodelapurisima.cl\/colegio-pc\/wp-json\/wp\/v2\/media\/13094"}],"wp:attachment":[{"href":"https:\/\/colegiodelapurisima.cl\/colegio-pc\/wp-json\/wp\/v2\/media?parent=13091"}],"wp:term":[{"taxonomy":"category","embeddable":true,"href":"https:\/\/colegiodelapurisima.cl\/colegio-pc\/wp-json\/wp\/v2\/categories?post=13091"},{"taxonomy":"post_tag","embeddable":true,"href":"https:\/\/colegiodelapurisima.cl\/colegio-pc\/wp-json\/wp\/v2\/tags?post=13091"}],"curies":[{"name":"wp","href":"https:\/\/api.w.org\/{rel}","templated":true}]}}