{"id":12825,"date":"2022-03-30T14:32:43","date_gmt":"2022-03-30T14:32:43","guid":{"rendered":"https:\/\/colegiodelapurisima.cl\/colegio-pc\/?p=12825"},"modified":"2022-03-30T14:32:43","modified_gmt":"2022-03-30T14:32:43","slug":"agradecimientos-familia-brevis-vergara","status":"publish","type":"post","link":"https:\/\/colegiodelapurisima.cl\/colegio-pc\/agradecimientos-familia-brevis-vergara\/","title":{"rendered":"Agradecimientos familia Brevis Vergara."},"content":{"rendered":"<p style=\"text-align: right;\">Chill\u00e1n, 30 de marzo de 2022<\/p>\n<p>Querida comunidad escolar:<\/p>\n<p>C\u00f3mo ustedes saben, para nuestro pap\u00e1 y esposo, el Colegio de la Pur\u00edsima Concepci\u00f3n fue sin duda su proyecto de vida, al cual destin\u00f3 gran parte de su tiempo y, junto a su familia, fue su principal motor y motivaci\u00f3n d\u00eda a d\u00eda.<\/p>\n<p>Agradecemos profundamente las distintas muestras de cari\u00f1o, no solo en estas \u00faltimas horas sino tambi\u00e9n a lo largo de todo este dif\u00edcil proceso de la enfermedad. Siempre nos sentimos apoyados por ustedes, haciendo palpable en acciones concretas el aprecio y valoraci\u00f3n a su rol en el colegio y trayectoria.<\/p>\n<p>Recordaremos siempre cuando regres\u00f3 a fines del a\u00f1o pasado al colegio, pese a su enfermedad, y el alegre recibimiento que tuvo de parte de sus queridas alumnas, para nosotros \u201csus hijas\u201d, as\u00ed como de las profesoras, profesores, asistentes, auxiliares, en fin, de toda la comunidad escolar. No olvidaremos que, en cada minuto de su velatorio, misa y funeral, siempre estuvo acompa\u00f1ado de sus alumnas, quienes pese a ser s\u00e1bado y domingo vistieron con mucho orgullo su uniforme para estar a su lado. Pero, sobre todo, nos emocion\u00f3 much\u00edsimo el homenaje sorpresa que vivimos en las afueras del colegio, donde fue recibido el cortejo con globos blancos, aplausos y alegr\u00eda para despedirlo.<\/p>\n<p>Fuimos testigos de la colaboraci\u00f3n y apoyo de toda la Pur\u00edsima, de cada uno de ustedes, y los sentimos disponibles para ayudarnos a toda hora y momento.<\/p>\n<p>Cuenten con nosotros como familia para lo que necesiten, estaremos abiertos a seguir apoyando a esta gran y querida instituci\u00f3n, tal como \u00e9l lo hubiese querido.<\/p>\n<p>Desde lo m\u00e1s profundo, infinitas gracias.<\/p>\n\n<p style=\"text-align: center;\">Familia Brevis Vergara<\/p>\n","protected":false},"excerpt":{"rendered":"<p>Chill\u00e1n, 30 de marzo de 2022 Querida comunidad escolar: C\u00f3mo ustedes saben, para nuestro pap\u00e1 y esposo, el Colegio de la Pur\u00edsima Concepci\u00f3n fue sin [&hellip;]<\/p>\n","protected":false},"author":8,"featured_media":0,"comment_status":"closed","ping_status":"closed","sticky":false,"template":"","format":"standard","meta":{"footnotes":""},"categories":[1],"tags":[],"class_list":["post-12825","post","type-post","status-publish","format-standard","hentry","category-sin-categoria"],"_links":{"self":[{"href":"https:\/\/colegiodelapurisima.cl\/colegio-pc\/wp-json\/wp\/v2\/posts\/12825","targetHints":{"allow":["GET"]}}],"collection":[{"href":"https:\/\/colegiodelapurisima.cl\/colegio-pc\/wp-json\/wp\/v2\/posts"}],"about":[{"href":"https:\/\/colegiodelapurisima.cl\/colegio-pc\/wp-json\/wp\/v2\/types\/post"}],"author":[{"embeddable":true,"href":"https:\/\/colegiodelapurisima.cl\/colegio-pc\/wp-json\/wp\/v2\/users\/8"}],"replies":[{"embeddable":true,"href":"https:\/\/colegiodelapurisima.cl\/colegio-pc\/wp-json\/wp\/v2\/comments?post=12825"}],"version-history":[{"count":1,"href":"https:\/\/colegiodelapurisima.cl\/colegio-pc\/wp-json\/wp\/v2\/posts\/12825\/revisions"}],"predecessor-version":[{"id":12826,"href":"https:\/\/colegiodelapurisima.cl\/colegio-pc\/wp-json\/wp\/v2\/posts\/12825\/revisions\/12826"}],"wp:attachment":[{"href":"https:\/\/colegiodelapurisima.cl\/colegio-pc\/wp-json\/wp\/v2\/media?parent=12825"}],"wp:term":[{"taxonomy":"category","embeddable":true,"href":"https:\/\/colegiodelapurisima.cl\/colegio-pc\/wp-json\/wp\/v2\/categories?post=12825"},{"taxonomy":"post_tag","embeddable":true,"href":"https:\/\/colegiodelapurisima.cl\/colegio-pc\/wp-json\/wp\/v2\/tags?post=12825"}],"curies":[{"name":"wp","href":"https:\/\/api.w.org\/{rel}","templated":true}]}}