{"id":12814,"date":"2022-03-27T18:15:22","date_gmt":"2022-03-27T18:15:22","guid":{"rendered":"https:\/\/colegiodelapurisima.cl\/colegio-pc\/?p=12814"},"modified":"2022-03-28T18:21:35","modified_gmt":"2022-03-28T18:21:35","slug":"resena-biografica","status":"publish","type":"post","link":"https:\/\/colegiodelapurisima.cl\/colegio-pc\/resena-biografica\/","title":{"rendered":"Rese\u00f1a biogr\u00e1fica"},"content":{"rendered":"<div class=\"fusion-fullwidth fullwidth-box fusion-builder-row-1 fusion-flex-container nonhundred-percent-fullwidth non-hundred-percent-height-scrolling\" style=\"background-color: rgba(255,255,255,0);background-position: center center;background-repeat: no-repeat;border-width: 0px 0px 0px 0px;border-color:#eae9e9;border-style:solid;\" ><div class=\"fusion-builder-row fusion-row fusion-flex-align-items-flex-start\" style=\"max-width:1144px;margin-left: calc(-4% \/ 2 );margin-right: calc(-4% \/ 2 );\"><div class=\"fusion-layout-column fusion_builder_column fusion-builder-column-0 fusion_builder_column_1_1 1_1 fusion-flex-column\"><div class=\"fusion-column-wrapper fusion-flex-justify-content-flex-start fusion-content-layout-column\" style=\"background-position:left top;background-repeat:no-repeat;-webkit-background-size:cover;-moz-background-size:cover;-o-background-size:cover;background-size:cover;padding: 0px 0px 0px 0px;\"><div class=\"fusion-text fusion-text-1\"><p>Don Milton Luis Brevis Ib\u00e1\u00f1ez (Q.E.P.D.), Docente de Educaci\u00f3n General B\u00e1sica, menci\u00f3n Historia y Geograf\u00eda con Magister en Educaci\u00f3n, fue Director del Colegio de la Pur\u00edsima Concepci\u00f3n desde el a\u00f1o 2018 hasta la actualidad.<\/p>\n<p>Pero su v\u00ednculo con nuestro colegio se remonta a casi 4 d\u00e9cadas atr\u00e1s; comenz\u00f3 con la Escuela Particular de la Pur\u00edsima Concepci\u00f3n como Profesor de Educaci\u00f3n General B\u00e1sica, y ya en marzo de 1979 se desempe\u00f1aba como Profesor de Historia y Geograf\u00eda en el Colegio. Desde el a\u00f1o 1997 hasta 2010 fue Subdirector del Colegio de La Pur\u00edsima Concepci\u00f3n. Y finalmente, en 2018 asumi\u00f3 la Rector\u00eda del establecimiento, como se dijo.<\/p>\n<p>Dentro de su servicio a la educaci\u00f3n se desempe\u00f1\u00f3 como Presidente de FIDE de la Provincia de \u00d1uble por un largo per\u00edodo y tambi\u00e9n como Tesorero de ACOPACH (Asociaci\u00f3n de Colegios Particulares de Chill\u00e1n)<\/p>\n<p>En el \u00e1mbito profesional, podemos destacar, la preocupaci\u00f3n por adaptarse a las nuevas tecnolog\u00edas y los constantes cambios en las pol\u00edticas educativas, y en ese orden de ideas su mayor preocupaci\u00f3n fue que nuestro Colegio estuviera siempre a la vanguardia y acorde a los nuevos tiempos, y pionero en la implementaci\u00f3n de la modernidad.\u00a0 Adem\u00e1s de ser el nexo mediador entre el Establecimiento y la Comunidad Congregaci\u00f3n de la Pur\u00edsima Concepci\u00f3n.<\/p>\n<p>En lo personal, fue un hombre sencillo, cercano, de largas conversaciones y profundos an\u00e1lisis, de pensamiento inquieto y a veces distra\u00eddo, enfocado en la familia y las personas, m\u00e1s all\u00e1 de su condici\u00f3n social o cultural.<\/p>\n<p>Como Padre y esposo siempre se sinti\u00f3 orgulloso de su familia, de Ginita, sus hijos: Milton, Wherner y Erwin, todos destacados profesionales de nivel nacional e internacional. Como no recordar la alegr\u00eda y emoci\u00f3n que sent\u00eda cuando hablaba de sus nietos y nietas, pod\u00eda estar toda una tarde hablando de ellos sin cansarse.<\/p>\n<p>Fue un ejemplo de compromiso con este proyecto educativo, su legado ha traspasado generaciones. Su dedicaci\u00f3n y esfuerzo por mantener vivo el sello de la Congregaci\u00f3n de la Pur\u00edsima Concepci\u00f3n hizo que siempre transmitiera a los funcionarios y funcionarias del Colegio el mensaje de nunca olvidar que cumpl\u00edan una gran tarea, y que \u00e9sta era poner al servicio de las estudiantes y sus familias, calidad educativa, dedicaci\u00f3n y cari\u00f1o, con el sello de los valores y principios de la Instituci\u00f3n.<\/p>\n<p>Para quienes tuvimos la oportunidad de ser sus amigos cercanos, no olvidaremos la gran lecci\u00f3n que nos entreg\u00f3, disfrutar de las simplezas de la vida, siempre con alegr\u00eda, y de la forma de enfrentar las adversidades y luchar contra las mismas.Cultiv\u00f3 hermosos valores y transmiti\u00f3 sus profundas convicciones cat\u00f3licas en su entorno familiar y con cada uno de sus colaboradores y amigos.<\/p>\n<p>Llevaremos por siempre el recuerdo de la hermosa huella que su presencia dej\u00f3 en nuestras vidas, jam\u00e1s olvidaremos su esencia sencilla y alegre caminando por los pasillos del Colegio de la Pur\u00edsima Concepci\u00f3n.<\/p>\n<\/div><style type=\"text\/css\">.fusion-gallery-1 .fusion-gallery-image {border:0px solid #f6f6f6;}<\/style><div class=\"fusion-gallery fusion-gallery-container fusion-grid-3 fusion-columns-total-3 fusion-gallery-layout-grid fusion-gallery-1\" style=\"margin:-5px;\"><div style=\"padding:5px;\" class=\"fusion-grid-column fusion-gallery-column fusion-gallery-column-3\"><div class=\"fusion-gallery-image fusion-gallery-image-liftup\"><a rel=\"noreferrer\" data-rel=\"iLightbox[gallery_image_1]\" class=\"fusion-lightbox\" target=\"_self\"><img decoding=\"async\" src=\"\" width=\"\" height=\"\" alt=\"\" title=\"\" aria-label=\"\" class=\"img-responsive wp-image-\" \/><\/a><\/div><\/div><div style=\"padding:5px;\" class=\"fusion-grid-column fusion-gallery-column fusion-gallery-column-3\"><div class=\"fusion-gallery-image fusion-gallery-image-liftup\"><a href=\"https:\/\/colegiodelapurisima.cl\/colegio-pc\/wp-content\/uploads\/2022\/03\/MG_3396-2.jpg\" rel=\"noreferrer\" data-rel=\"iLightbox[gallery_image_1]\" class=\"fusion-lightbox\" target=\"_self\"><img decoding=\"async\" src=\"https:\/\/colegiodelapurisima.cl\/colegio-pc\/wp-content\/uploads\/2022\/03\/MG_3396-2.jpg\" width=\"1520\" height=\"1885\" alt=\"\" title=\"_MG_3396-2\" aria-label=\"_MG_3396-2\" class=\"img-responsive wp-image-12815\" srcset=\"https:\/\/colegiodelapurisima.cl\/colegio-pc\/wp-content\/uploads\/2022\/03\/MG_3396-2-200x248.jpg 200w, https:\/\/colegiodelapurisima.cl\/colegio-pc\/wp-content\/uploads\/2022\/03\/MG_3396-2-400x496.jpg 400w, https:\/\/colegiodelapurisima.cl\/colegio-pc\/wp-content\/uploads\/2022\/03\/MG_3396-2-600x744.jpg 600w, https:\/\/colegiodelapurisima.cl\/colegio-pc\/wp-content\/uploads\/2022\/03\/MG_3396-2-800x992.jpg 800w, https:\/\/colegiodelapurisima.cl\/colegio-pc\/wp-content\/uploads\/2022\/03\/MG_3396-2-1200x1488.jpg 1200w, https:\/\/colegiodelapurisima.cl\/colegio-pc\/wp-content\/uploads\/2022\/03\/MG_3396-2.jpg 1520w\" sizes=\"(min-width: 2200px) 100vw, (min-width: 784px) 363px, (min-width: 712px) 545px, (min-width: 640px) 712px, \" \/><\/a><\/div><\/div><div style=\"padding:5px;\" class=\"fusion-grid-column fusion-gallery-column fusion-gallery-column-3\"><div class=\"fusion-gallery-image fusion-gallery-image-liftup\"><a rel=\"noreferrer\" data-rel=\"iLightbox[gallery_image_1]\" class=\"fusion-lightbox\" target=\"_self\"><img decoding=\"async\" src=\"\" width=\"\" height=\"\" alt=\"\" title=\"\" aria-label=\"\" class=\"img-responsive wp-image-\" \/><\/a><\/div><\/div><div class=\"clearfix\"><\/div><\/div><\/div><style type=\"text\/css\">.fusion-body .fusion-builder-column-0{width:100% !important;margin-top : 0px;margin-bottom : 0px;}.fusion-builder-column-0 > .fusion-column-wrapper {padding-top : 0px !important;padding-right : 0px !important;margin-right : 1.92%;padding-bottom : 0px !important;padding-left : 0px !important;margin-left : 1.92%;}@media only screen and (max-width:1024px) {.fusion-body .fusion-builder-column-0{width:100% !important;}.fusion-builder-column-0 > .fusion-column-wrapper {margin-right : 1.92%;margin-left : 1.92%;}}@media only screen and (max-width:640px) {.fusion-body .fusion-builder-column-0{width:100% !important;}.fusion-builder-column-0 > .fusion-column-wrapper {margin-right : 1.92%;margin-left : 1.92%;}}<\/style><\/div><\/div><style type=\"text\/css\">.fusion-body .fusion-flex-container.fusion-builder-row-1{ padding-top : 0px;margin-top : 0px;padding-right : 0px;padding-bottom : 0px;margin-bottom : 0px;padding-left : 0px;}<\/style><\/div>\n","protected":false},"excerpt":{"rendered":"","protected":false},"author":8,"featured_media":0,"comment_status":"closed","ping_status":"closed","sticky":false,"template":"","format":"standard","meta":{"footnotes":""},"categories":[1],"tags":[],"class_list":["post-12814","post","type-post","status-publish","format-standard","hentry","category-sin-categoria"],"_links":{"self":[{"href":"https:\/\/colegiodelapurisima.cl\/colegio-pc\/wp-json\/wp\/v2\/posts\/12814","targetHints":{"allow":["GET"]}}],"collection":[{"href":"https:\/\/colegiodelapurisima.cl\/colegio-pc\/wp-json\/wp\/v2\/posts"}],"about":[{"href":"https:\/\/colegiodelapurisima.cl\/colegio-pc\/wp-json\/wp\/v2\/types\/post"}],"author":[{"embeddable":true,"href":"https:\/\/colegiodelapurisima.cl\/colegio-pc\/wp-json\/wp\/v2\/users\/8"}],"replies":[{"embeddable":true,"href":"https:\/\/colegiodelapurisima.cl\/colegio-pc\/wp-json\/wp\/v2\/comments?post=12814"}],"version-history":[{"count":1,"href":"https:\/\/colegiodelapurisima.cl\/colegio-pc\/wp-json\/wp\/v2\/posts\/12814\/revisions"}],"predecessor-version":[{"id":12816,"href":"https:\/\/colegiodelapurisima.cl\/colegio-pc\/wp-json\/wp\/v2\/posts\/12814\/revisions\/12816"}],"wp:attachment":[{"href":"https:\/\/colegiodelapurisima.cl\/colegio-pc\/wp-json\/wp\/v2\/media?parent=12814"}],"wp:term":[{"taxonomy":"category","embeddable":true,"href":"https:\/\/colegiodelapurisima.cl\/colegio-pc\/wp-json\/wp\/v2\/categories?post=12814"},{"taxonomy":"post_tag","embeddable":true,"href":"https:\/\/colegiodelapurisima.cl\/colegio-pc\/wp-json\/wp\/v2\/tags?post=12814"}],"curies":[{"name":"wp","href":"https:\/\/api.w.org\/{rel}","templated":true}]}}