{"id":12705,"date":"2022-02-24T15:31:29","date_gmt":"2022-02-24T15:31:29","guid":{"rendered":"https:\/\/colegiodelapurisima.cl\/colegio-pc\/?p=12705"},"modified":"2022-02-24T21:34:37","modified_gmt":"2022-02-24T21:34:37","slug":"conferencia-episcopal-de-chile-llama-a-la-oracion-y-acciones-en-favor-de-la-paz-ante-situacion-en-ucrania","status":"publish","type":"post","link":"https:\/\/colegiodelapurisima.cl\/colegio-pc\/conferencia-episcopal-de-chile-llama-a-la-oracion-y-acciones-en-favor-de-la-paz-ante-situacion-en-ucrania\/","title":{"rendered":"Conferencia Episcopal de Chile llama a la oraci\u00f3n y acciones en favor de la paz ante situaci\u00f3n en Ucrania"},"content":{"rendered":"<p><a href=\"http:\/\/www.iglesia.cl\/43698-conferencia-episcopal-de-chile-llama-a-la-oracion-y-acciones-en-favor-de-la-paz-ante-situacion-en-ucrania.html?fbclid=IwAR2pOgr6TUr4cDYwEuJJyanWH-wjztASSpueYVPW8byMbl3mJPZ88YvUPiY\">Link de la noticia aqu\u00ed: Conferencia Episcopal de Chile llama a la oraci\u00f3n y acciones en favor de la paz ante situaci\u00f3n en Ucrania<\/a><\/p>\n<p><center><iframe title=\"YouTube video player\" src=\"https:\/\/www.youtube.com\/embed\/WR9tG5cQLrs\" width=\"560\" height=\"315\" frameborder=\"0\" allowfullscreen=\"allowfullscreen\"><\/iframe><\/center><\/p>\n","protected":false},"excerpt":{"rendered":"<p>Link de la noticia aqu\u00ed: Conferencia Episcopal de Chile llama a la oraci\u00f3n y acciones en favor de la paz ante situaci\u00f3n en Ucrania<\/p>\n","protected":false},"author":8,"featured_media":0,"comment_status":"closed","ping_status":"closed","sticky":false,"template":"","format":"standard","meta":{"footnotes":""},"categories":[1],"tags":[],"class_list":["post-12705","post","type-post","status-publish","format-standard","hentry","category-sin-categoria"],"_links":{"self":[{"href":"https:\/\/colegiodelapurisima.cl\/colegio-pc\/wp-json\/wp\/v2\/posts\/12705","targetHints":{"allow":["GET"]}}],"collection":[{"href":"https:\/\/colegiodelapurisima.cl\/colegio-pc\/wp-json\/wp\/v2\/posts"}],"about":[{"href":"https:\/\/colegiodelapurisima.cl\/colegio-pc\/wp-json\/wp\/v2\/types\/post"}],"author":[{"embeddable":true,"href":"https:\/\/colegiodelapurisima.cl\/colegio-pc\/wp-json\/wp\/v2\/users\/8"}],"replies":[{"embeddable":true,"href":"https:\/\/colegiodelapurisima.cl\/colegio-pc\/wp-json\/wp\/v2\/comments?post=12705"}],"version-history":[{"count":1,"href":"https:\/\/colegiodelapurisima.cl\/colegio-pc\/wp-json\/wp\/v2\/posts\/12705\/revisions"}],"predecessor-version":[{"id":12706,"href":"https:\/\/colegiodelapurisima.cl\/colegio-pc\/wp-json\/wp\/v2\/posts\/12705\/revisions\/12706"}],"wp:attachment":[{"href":"https:\/\/colegiodelapurisima.cl\/colegio-pc\/wp-json\/wp\/v2\/media?parent=12705"}],"wp:term":[{"taxonomy":"category","embeddable":true,"href":"https:\/\/colegiodelapurisima.cl\/colegio-pc\/wp-json\/wp\/v2\/categories?post=12705"},{"taxonomy":"post_tag","embeddable":true,"href":"https:\/\/colegiodelapurisima.cl\/colegio-pc\/wp-json\/wp\/v2\/tags?post=12705"}],"curies":[{"name":"wp","href":"https:\/\/api.w.org\/{rel}","templated":true}]}}